
{"id":14403,"date":"2012-03-09T05:43:11","date_gmt":"2012-03-09T05:43:11","guid":{"rendered":"https:\/\/ujkafe.website\/?p=14403"},"modified":"2012-03-09T05:43:11","modified_gmt":"2012-03-09T05:43:11","slug":"pusztai-peter-marcius-9-a-ferfiak-napja","status":"publish","type":"post","link":"https:\/\/ujkafe.website\/?p=14403","title":{"rendered":"Pusztai P\u00e9ter: M\u00e1rcius 9 &#8211; a f\u00e9rfiak napja"},"content":{"rendered":"<div id=\"attachment_14404\" style=\"width: 643px\" class=\"wp-caption alignnone\"><a href=\"https:\/\/ujkafe.website\/wp-content\/uploads\/2012\/03\/A-f\u00e9rfiak-napja2.jpg\"><img loading=\"lazy\" decoding=\"async\" aria-describedby=\"caption-attachment-14404\" class=\"size-full wp-image-14404\" title=\"A f\u00e9rfiak napja2\" src=\"https:\/\/ujkafe.website\/wp-content\/uploads\/2012\/03\/A-f\u00e9rfiak-napja2.jpg\" alt=\"\" width=\"633\" height=\"652\" srcset=\"https:\/\/ujkafe.website\/wp-content\/uploads\/2012\/03\/A-f\u00e9rfiak-napja2.jpg 904w, https:\/\/ujkafe.website\/wp-content\/uploads\/2012\/03\/A-f\u00e9rfiak-napja2-291x300.jpg 291w\" sizes=\"auto, (max-width: 633px) 100vw, 633px\" \/><\/a><p id=\"caption-attachment-14404\" class=\"wp-caption-text\">Azon f\u00e9rfiaknak aj\u00e1nlom ezt a napot, akiket m\u00e1r nem hoz izgalomba az \u00e1tl\u00e1tsz\u00f3 plafonok l\u00e1tv\u00e1nya, \u00e9s a k\u00f6vetkez\u0151 francia forradalomkor sem t\u00fcntetnek emancip\u00e1ci\u00f3\u00e9rt. Tal\u00e1n a tegnap \u00fcnnepelt n\u0151k k\u00f6z\u00fcl akad valaki, aki les\u00f6pri v\u00e1llukr\u00f3l a havat, s j\u00f6v\u0151re megig\u00e9r egy puszit.<\/p><\/div>\n","protected":false},"excerpt":{"rendered":"","protected":false},"author":3,"featured_media":0,"comment_status":"open","ping_status":"open","sticky":false,"template":"","format":"standard","meta":{"_monsterinsights_skip_tracking":false,"_monsterinsights_sitenote_active":false,"_monsterinsights_sitenote_note":"","_monsterinsights_sitenote_category":0,"ngg_post_thumbnail":0,"footnotes":""},"categories":[5],"tags":[],"class_list":["post-14403","post","type-post","status-publish","format-standard","hentry","category-foto"],"_links":{"self":[{"href":"https:\/\/ujkafe.website\/index.php?rest_route=\/wp\/v2\/posts\/14403","targetHints":{"allow":["GET"]}}],"collection":[{"href":"https:\/\/ujkafe.website\/index.php?rest_route=\/wp\/v2\/posts"}],"about":[{"href":"https:\/\/ujkafe.website\/index.php?rest_route=\/wp\/v2\/types\/post"}],"author":[{"embeddable":true,"href":"https:\/\/ujkafe.website\/index.php?rest_route=\/wp\/v2\/users\/3"}],"replies":[{"embeddable":true,"href":"https:\/\/ujkafe.website\/index.php?rest_route=%2Fwp%2Fv2%2Fcomments&post=14403"}],"version-history":[{"count":0,"href":"https:\/\/ujkafe.website\/index.php?rest_route=\/wp\/v2\/posts\/14403\/revisions"}],"wp:attachment":[{"href":"https:\/\/ujkafe.website\/index.php?rest_route=%2Fwp%2Fv2%2Fmedia&parent=14403"}],"wp:term":[{"taxonomy":"category","embeddable":true,"href":"https:\/\/ujkafe.website\/index.php?rest_route=%2Fwp%2Fv2%2Fcategories&post=14403"},{"taxonomy":"post_tag","embeddable":true,"href":"https:\/\/ujkafe.website\/index.php?rest_route=%2Fwp%2Fv2%2Ftags&post=14403"}],"curies":[{"name":"wp","href":"https:\/\/api.w.org\/{rel}","templated":true}]}}