
{"id":15128,"date":"2012-04-23T08:00:06","date_gmt":"2012-04-23T08:00:06","guid":{"rendered":"https:\/\/ujkafe.website\/?p=15128"},"modified":"2012-04-23T08:00:06","modified_gmt":"2012-04-23T08:00:06","slug":"vitos-hajnal-sziv-motivum","status":"publish","type":"post","link":"https:\/\/ujkafe.website\/?p=15128","title":{"rendered":"Vitos Hajnal: Sz\u00edv-mot\u00edvum"},"content":{"rendered":"<p><a href=\"https:\/\/ujkafe.website\/wp-content\/uploads\/2012\/04\/Vitos-Hajnal-4_sziv.jpg\"><img loading=\"lazy\" decoding=\"async\" class=\"alignnone size-full wp-image-15129\" title=\"Vitos Hajnal - 4_sziv\" src=\"https:\/\/ujkafe.website\/wp-content\/uploads\/2012\/04\/Vitos-Hajnal-4_sziv.jpg\" alt=\"\" width=\"633\" height=\"421\" srcset=\"https:\/\/ujkafe.website\/wp-content\/uploads\/2012\/04\/Vitos-Hajnal-4_sziv.jpg 904w, https:\/\/ujkafe.website\/wp-content\/uploads\/2012\/04\/Vitos-Hajnal-4_sziv-300x199.jpg 300w\" sizes=\"auto, (max-width: 633px) 100vw, 633px\" \/><\/a><\/p>\n<p><em>Sz\u00edv-mot\u00edvumok a Sz\u00e9kelyf\u00f6ld\u00f6n &#8211; a r\u00e9szletek var\u00e1zsa c\u00edmmel ny\u00edlt \u00e1prilis 20-\u00e1n fot\u00f3ki\u00e1ll\u00edt\u00e1s a cs\u00edkszeredai Megyeh\u00e1z Gal\u00e9ri\u00e1ban. A megyei tan\u00e1cs \u00e9s a M\u0171eml\u00e9kv\u00e9delmi K\u00f6zszolg\u00e1lat szervezte fot\u00f3p\u00e1ly\u00e1zat legjobb alkot\u00e1saib\u00f3l ny\u00edlt n\u00e9prajzi t\u00e1rlat egyik d\u00edjazottja Vitos Hajnal. A k\u00f6vetkez\u0151 napokban j\u00f3 p\u00e1r ki\u00e1ll\u00edtott munk\u00e1t k\u00f6zreadunk.<\/em><\/p>\n","protected":false},"excerpt":{"rendered":"<p>Sz\u00edv-mot\u00edvumok a Sz\u00e9kelyf\u00f6ld\u00f6n &#8211; a r\u00e9szletek var\u00e1zsa c\u00edmmel ny\u00edlt \u00e1prilis 20-\u00e1n fot\u00f3ki\u00e1ll\u00edt\u00e1s a cs\u00edkszeredai Megyeh\u00e1z Gal\u00e9ri\u00e1ban. A megyei tan\u00e1cs \u00e9s a M\u0171eml\u00e9kv\u00e9delmi K\u00f6zszolg\u00e1lat szervezte fot\u00f3p\u00e1ly\u00e1zat legjobb alkot\u00e1saib\u00f3l ny\u00edlt n\u00e9prajzi t\u00e1rlat egyik d\u00edjazottja Vitos Hajnal. A k\u00f6vetkez\u0151 napokban j\u00f3 p\u00e1r ki\u00e1ll\u00edtott munk\u00e1t k\u00f6zreadunk.<\/p>\n","protected":false},"author":3,"featured_media":0,"comment_status":"open","ping_status":"open","sticky":false,"template":"","format":"standard","meta":{"_monsterinsights_skip_tracking":false,"_monsterinsights_sitenote_active":false,"_monsterinsights_sitenote_note":"","_monsterinsights_sitenote_category":0,"ngg_post_thumbnail":0,"footnotes":""},"categories":[5],"tags":[],"class_list":["post-15128","post","type-post","status-publish","format-standard","hentry","category-foto"],"_links":{"self":[{"href":"https:\/\/ujkafe.website\/index.php?rest_route=\/wp\/v2\/posts\/15128","targetHints":{"allow":["GET"]}}],"collection":[{"href":"https:\/\/ujkafe.website\/index.php?rest_route=\/wp\/v2\/posts"}],"about":[{"href":"https:\/\/ujkafe.website\/index.php?rest_route=\/wp\/v2\/types\/post"}],"author":[{"embeddable":true,"href":"https:\/\/ujkafe.website\/index.php?rest_route=\/wp\/v2\/users\/3"}],"replies":[{"embeddable":true,"href":"https:\/\/ujkafe.website\/index.php?rest_route=%2Fwp%2Fv2%2Fcomments&post=15128"}],"version-history":[{"count":0,"href":"https:\/\/ujkafe.website\/index.php?rest_route=\/wp\/v2\/posts\/15128\/revisions"}],"wp:attachment":[{"href":"https:\/\/ujkafe.website\/index.php?rest_route=%2Fwp%2Fv2%2Fmedia&parent=15128"}],"wp:term":[{"taxonomy":"category","embeddable":true,"href":"https:\/\/ujkafe.website\/index.php?rest_route=%2Fwp%2Fv2%2Fcategories&post=15128"},{"taxonomy":"post_tag","embeddable":true,"href":"https:\/\/ujkafe.website\/index.php?rest_route=%2Fwp%2Fv2%2Ftags&post=15128"}],"curies":[{"name":"wp","href":"https:\/\/api.w.org\/{rel}","templated":true}]}}