
{"id":15380,"date":"2012-05-12T18:44:23","date_gmt":"2012-05-12T18:44:23","guid":{"rendered":"https:\/\/ujkafe.website\/?p=15380"},"modified":"2012-05-12T18:44:23","modified_gmt":"2012-05-12T18:44:23","slug":"19-fotos-gyermekkozelben","status":"publish","type":"post","link":"https:\/\/ujkafe.website\/?p=15380","title":{"rendered":"19 fot\u00f3s: Gyermekk\u00f6zelben"},"content":{"rendered":"ngg_shortcode_0_placeholder\n<p>2002-ben Sz\u00e9kelyvars\u00e1gon szervezt\u00e9k az els\u0151 dokument\u00e1ci\u00f3s fot\u00f3t\u00e1bort, amelyet sorra k\u00f6vettek a t\u00f6bbiek a Sz\u00e9kelyf\u00f6ld\u00f6n a Hargita Megyei Kultur\u00e1lis K\u00f6zpont, az Udvarhelysz\u00e9k Kultur\u00e1lis Egyes\u00fclet, a Hargita Megyei Hagyom\u00e1ny\u0151rz\u00e9si Forr\u00e1sk\u00f6zpont \u00e9s a helyi \u00f6nkorm\u00e1nyzatok szervez\u00e9s\u00e9ben. T\u00edz \u00e9v t\u00e1vlat\u00e1ban t\u00f6bb sz\u00e1z gyerekekr\u0151l k\u00e9sz\u00fclt felv\u00e9tel k\u00f6z\u00fcl \u00f6tven darabb\u00f3l \u00e1ll\u00f3 gy\u0171jtem\u00e9nyes szabadt\u00e9ri ki\u00e1ll\u00edt\u00e1s mutatja be, 2012. m\u00e1jus 18-27., k\u00f6z\u00f6tt a sz\u00e9kelyudvarhelyi  V\u00e1rosi parkban, tizenkilenc f\u00e9nyk\u00e9p\u00e9sz munk\u00e1j\u00e1n kereszt\u00fcl az elm\u00falt \u00e9vtized gyerekk\u00f6zpont\u00fa k\u00e9pi lenyomatait.<!--more--> A felv\u00e9telek k\u00e9sz\u00edt\u0151i: Antal Levente (Sepsiszentgy\u00f6rgy), Bal\u00e1zs \u00d6d\u00f6n (Sz\u00e9kelyudvarhely), Bart\u00f3k Izabella (Sepsiszentgy\u00f6rgy), Czire Alp\u00e1r (Sz\u00e9kelykereszt\u00far), Erd\u00e9ly B\u00e1lint El\u0151d (Sz\u00e9kelyudvarhely), Fekete R\u00e9ka (Sz\u00e9kelyudvarhely), Fl\u00f3ri\u00e1n Csaba (B\u00e9ta), F\u00fcl\u00f6p L\u00f3r\u00e1nt (Agyagfalva), Hlavathy K\u00e1roly (Sepsiszentgy\u00f6rgy), Kerekes Istv\u00e1n (Kazincbarcika &#8211; Magyarorsz\u00e1g), Kib\u00e9di S\u00e1ndor (Sz\u00e9kelyudvarhely), Kozma Erzs\u00e9bet (Zetelaka), P\u00e9ter Zolt\u00e1n (Sz\u00e9kelyudvarhely), Szab\u00f3 Tam\u00e1s (Sz\u00e9kelyudvarhely, 1971-2010), Teutsch Alp\u00e1r (Cs\u00edkszenttam\u00e1s), Tiszav\u00f6lgyi Zsolt (F\u00fczesabony &#8211; Magyarorsz\u00e1g), T\u00f3th Zsuzsanna (Hatvan &#8211; Magyarorsz\u00e1g), Vinczefi L\u00e1szl\u00f3 (Sepsiszentgy\u00f6rgy), Vitos Hajnal (Cs\u00edkszereda).<\/p>\n","protected":false},"excerpt":{"rendered":"<p>2002-ben Sz\u00e9kelyvars\u00e1gon szervezt\u00e9k az els\u0151 dokument\u00e1ci\u00f3s fot\u00f3t\u00e1bort, amelyet sorra k\u00f6vettek a t\u00f6bbiek a Sz\u00e9kelyf\u00f6ld\u00f6n a Hargita Megyei Kultur\u00e1lis K\u00f6zpont, az Udvarhelysz\u00e9k Kultur\u00e1lis Egyes\u00fclet, a Hargita Megyei Hagyom\u00e1ny\u0151rz\u00e9si Forr\u00e1sk\u00f6zpont \u00e9s a helyi \u00f6nkorm\u00e1nyzatok szervez\u00e9s\u00e9ben. T\u00edz \u00e9v t\u00e1vlat\u00e1ban t\u00f6bb sz\u00e1z gyerekekr\u0151l k\u00e9sz\u00fclt felv\u00e9tel k\u00f6z\u00fcl \u00f6tven darabb\u00f3l \u00e1ll\u00f3 gy\u0171jtem\u00e9nyes szabadt\u00e9ri ki\u00e1ll\u00edt\u00e1s mutatja be, 2012. m\u00e1jus 18-27., k\u00f6z\u00f6tt a [&hellip;]<\/p>\n","protected":false},"author":3,"featured_media":0,"comment_status":"open","ping_status":"open","sticky":false,"template":"","format":"standard","meta":{"_monsterinsights_skip_tracking":false,"_monsterinsights_sitenote_active":false,"_monsterinsights_sitenote_note":"","_monsterinsights_sitenote_category":0,"ngg_post_thumbnail":0,"footnotes":""},"categories":[5],"tags":[],"class_list":["post-15380","post","type-post","status-publish","format-standard","hentry","category-foto"],"_links":{"self":[{"href":"https:\/\/ujkafe.website\/index.php?rest_route=\/wp\/v2\/posts\/15380","targetHints":{"allow":["GET"]}}],"collection":[{"href":"https:\/\/ujkafe.website\/index.php?rest_route=\/wp\/v2\/posts"}],"about":[{"href":"https:\/\/ujkafe.website\/index.php?rest_route=\/wp\/v2\/types\/post"}],"author":[{"embeddable":true,"href":"https:\/\/ujkafe.website\/index.php?rest_route=\/wp\/v2\/users\/3"}],"replies":[{"embeddable":true,"href":"https:\/\/ujkafe.website\/index.php?rest_route=%2Fwp%2Fv2%2Fcomments&post=15380"}],"version-history":[{"count":0,"href":"https:\/\/ujkafe.website\/index.php?rest_route=\/wp\/v2\/posts\/15380\/revisions"}],"wp:attachment":[{"href":"https:\/\/ujkafe.website\/index.php?rest_route=%2Fwp%2Fv2%2Fmedia&parent=15380"}],"wp:term":[{"taxonomy":"category","embeddable":true,"href":"https:\/\/ujkafe.website\/index.php?rest_route=%2Fwp%2Fv2%2Fcategories&post=15380"},{"taxonomy":"post_tag","embeddable":true,"href":"https:\/\/ujkafe.website\/index.php?rest_route=%2Fwp%2Fv2%2Ftags&post=15380"}],"curies":[{"name":"wp","href":"https:\/\/api.w.org\/{rel}","templated":true}]}}