
{"id":15588,"date":"2012-05-26T19:07:35","date_gmt":"2012-05-26T19:07:35","guid":{"rendered":"https:\/\/ujkafe.website\/?p=15588"},"modified":"2012-05-26T19:07:35","modified_gmt":"2012-05-26T19:07:35","slug":"gergely-tamas-rafi-lajos-kolto-portreja","status":"publish","type":"post","link":"https:\/\/ujkafe.website\/?p=15588","title":{"rendered":"Gergely Tam\u00e1s: Rafi Lajos k\u00f6lt\u0151 portr\u00e9ja"},"content":{"rendered":"<div id=\"attachment_15589\" style=\"width: 643px\" class=\"wp-caption alignnone\"><a href=\"https:\/\/ujkafe.website\/wp-content\/uploads\/2012\/05\/rafilajos2.jpg\"><img loading=\"lazy\" decoding=\"async\" aria-describedby=\"caption-attachment-15589\" class=\"size-full wp-image-15589 \" title=\"rafilajos2\" src=\"https:\/\/ujkafe.website\/wp-content\/uploads\/2012\/05\/rafilajos2.jpg\" alt=\"\" width=\"633\" height=\"443\" srcset=\"https:\/\/ujkafe.website\/wp-content\/uploads\/2012\/05\/rafilajos2.jpg 904w, https:\/\/ujkafe.website\/wp-content\/uploads\/2012\/05\/rafilajos2-300x210.jpg 300w\" sizes=\"auto, (max-width: 633px) 100vw, 633px\" \/><\/a><p id=\"caption-attachment-15589\" class=\"wp-caption-text\">&quot;Mindenb\u00f5l kifogytam, azt is tudom,\/Lassacsk\u00e1n m\u00e1r nincs, amit vesztenem&quot; (Sz\u00e1mad\u00e1s) Gunnar Svensson sv\u00e9d k\u00f6lt\u00f5 \u00e9s a Milj\u00f6magasinet vend\u00e9gek\u00e9nt m\u00e1jus v\u00e9g\u00e9n Stockholmban vend\u00e9geskedett a roma sz\u00e1rmaz\u00e1s\u00fa magyar k\u00f6lt\u0151: Rafi Lajos <\/p><\/div>\n<p>L\u00e1sd m\u00e9g Rafi Lajosr\u00f3l:<\/p>\n<p>Egy frissen megjelent Rafi-vers:\u00a0<a href=\"http:\/\/www.lenolaj.hu\/vers\/rafi-lajos-felesegemhez\/\" target=\"_blank\">http:\/\/www.lenolaj.hu\/vers\/rafi-lajos-felesegemhez\/<\/a><br \/>\nGergely Tam\u00e1s anekdot\u00e1ja Rafi Lajosr\u00f3l:\u00a0<a href=\"http:\/\/www.lenolaj.hu\/proza\/szilvorium\/gergely-tamas-a-poharas-kep\/#more-30237\" target=\"_blank\">http:\/\/www.lenolaj.hu\/proza\/szilvorium\/gergely-tamas-a-poharas-kep\/#more-30237<\/a><\/p>\n","protected":false},"excerpt":{"rendered":"<p>L\u00e1sd m\u00e9g Rafi Lajosr\u00f3l: Egy frissen megjelent Rafi-vers:\u00a0http:\/\/www.lenolaj.hu\/vers\/rafi-lajos-felesegemhez\/ Gergely Tam\u00e1s anekdot\u00e1ja Rafi Lajosr\u00f3l:\u00a0http:\/\/www.lenolaj.hu\/proza\/szilvorium\/gergely-tamas-a-poharas-kep\/#more-30237<\/p>\n","protected":false},"author":3,"featured_media":0,"comment_status":"open","ping_status":"open","sticky":false,"template":"","format":"standard","meta":{"_monsterinsights_skip_tracking":false,"_monsterinsights_sitenote_active":false,"_monsterinsights_sitenote_note":"","_monsterinsights_sitenote_category":0,"ngg_post_thumbnail":0,"footnotes":""},"categories":[5],"tags":[],"class_list":["post-15588","post","type-post","status-publish","format-standard","hentry","category-foto"],"_links":{"self":[{"href":"https:\/\/ujkafe.website\/index.php?rest_route=\/wp\/v2\/posts\/15588","targetHints":{"allow":["GET"]}}],"collection":[{"href":"https:\/\/ujkafe.website\/index.php?rest_route=\/wp\/v2\/posts"}],"about":[{"href":"https:\/\/ujkafe.website\/index.php?rest_route=\/wp\/v2\/types\/post"}],"author":[{"embeddable":true,"href":"https:\/\/ujkafe.website\/index.php?rest_route=\/wp\/v2\/users\/3"}],"replies":[{"embeddable":true,"href":"https:\/\/ujkafe.website\/index.php?rest_route=%2Fwp%2Fv2%2Fcomments&post=15588"}],"version-history":[{"count":0,"href":"https:\/\/ujkafe.website\/index.php?rest_route=\/wp\/v2\/posts\/15588\/revisions"}],"wp:attachment":[{"href":"https:\/\/ujkafe.website\/index.php?rest_route=%2Fwp%2Fv2%2Fmedia&parent=15588"}],"wp:term":[{"taxonomy":"category","embeddable":true,"href":"https:\/\/ujkafe.website\/index.php?rest_route=%2Fwp%2Fv2%2Fcategories&post=15588"},{"taxonomy":"post_tag","embeddable":true,"href":"https:\/\/ujkafe.website\/index.php?rest_route=%2Fwp%2Fv2%2Ftags&post=15588"}],"curies":[{"name":"wp","href":"https:\/\/api.w.org\/{rel}","templated":true}]}}