
{"id":15987,"date":"2012-06-18T04:52:00","date_gmt":"2012-06-18T04:52:00","guid":{"rendered":"https:\/\/ujkafe.website\/?p=15987"},"modified":"2012-06-18T04:52:54","modified_gmt":"2012-06-18T04:52:54","slug":"somorcik-sz-rozalia-hallgass-anyadra","status":"publish","type":"post","link":"https:\/\/ujkafe.website\/?p=15987","title":{"rendered":"Somor\u010d\u00edk Sz. Roz\u00e1lia: Hallgass any\u00e1dra"},"content":{"rendered":"<p>H\u00e1ny \u00e9ves ez a gyerek?<br \/>\nN\u00e9gy. Beveszi a mellet?<br \/>\nVan m\u00e9g t\u00f6bb is otthon?<!--more--><br \/>\nCsak ez az egy, meg<br \/>\na m\u00faltkor, de el kellett<br \/>\nvetetnem, nem volt<br \/>\nmagzatvizem.<br \/>\n\u00c9s van teje, ez hogy lehet?<br \/>\nVan. Chanel a m\u00falt h\u00e9ten<br \/>\nany\u00e1mn\u00e1l maradt \u00e9jszak\u00e1ra,<br \/>\nazt hittem megbolondulok,<br \/>\nmindk\u00e9t csecsem megtelt<br \/>\ntejjel, ki kellett fejnem.<br \/>\nMaga mennyi? Z\u00f6ld a szeme.<br \/>\nHuszonegy. F\u00e9rje?<br \/>\nLengyelben. Megengedi,<br \/>\nlefot\u00f3zn\u00e1m, lehet?<br \/>\nMinek? Csak mert sz\u00e9p,<br \/>\nahogy szopik a kicsi.<br \/>\nA k\u00e9pet hov\u00e1 teszi?<br \/>\nSehov\u00e1, sz\u00e1m\u00edt\u00f3g\u00e9pbe.<br \/>\nJaj! Rikolt egy nagyot.<br \/>\nEz \u00e9n vagyok?<br \/>\nItt a buszom, megyek.<br \/>\nAzt\u00e1n j\u00e1rj iskol\u00e1ba,<br \/>\n\u00e9s hallgass any\u00e1dra.<\/p>\n<div id=\"attachment_15992\" style=\"width: 464px\" class=\"wp-caption alignnone\"><a href=\"https:\/\/ujkafe.website\/wp-content\/uploads\/2012\/06\/hallgass_anyadra.jpg\"><img loading=\"lazy\" decoding=\"async\" aria-describedby=\"caption-attachment-15992\" class=\"size-full wp-image-15992\" title=\"hallgass_anyadra\" src=\"https:\/\/ujkafe.website\/wp-content\/uploads\/2012\/06\/hallgass_anyadra.jpg\" alt=\"\" width=\"454\" height=\"604\" srcset=\"https:\/\/ujkafe.website\/wp-content\/uploads\/2012\/06\/hallgass_anyadra.jpg 454w, https:\/\/ujkafe.website\/wp-content\/uploads\/2012\/06\/hallgass_anyadra-225x300.jpg 225w\" sizes=\"auto, (max-width: 454px) 100vw, 454px\" \/><\/a><p id=\"caption-attachment-15992\" class=\"wp-caption-text\">A szerz\u0151 fot\u00f3ja<\/p><\/div>\n","protected":false},"excerpt":{"rendered":"<p>H\u00e1ny \u00e9ves ez a gyerek? N\u00e9gy. Beveszi a mellet? Van m\u00e9g t\u00f6bb is otthon?<\/p>\n","protected":false},"author":3,"featured_media":0,"comment_status":"open","ping_status":"open","sticky":false,"template":"","format":"standard","meta":{"_monsterinsights_skip_tracking":false,"_monsterinsights_sitenote_active":false,"_monsterinsights_sitenote_note":"","_monsterinsights_sitenote_category":0,"ngg_post_thumbnail":0,"footnotes":""},"categories":[5,4],"tags":[],"class_list":["post-15987","post","type-post","status-publish","format-standard","hentry","category-foto","category-vers"],"_links":{"self":[{"href":"https:\/\/ujkafe.website\/index.php?rest_route=\/wp\/v2\/posts\/15987","targetHints":{"allow":["GET"]}}],"collection":[{"href":"https:\/\/ujkafe.website\/index.php?rest_route=\/wp\/v2\/posts"}],"about":[{"href":"https:\/\/ujkafe.website\/index.php?rest_route=\/wp\/v2\/types\/post"}],"author":[{"embeddable":true,"href":"https:\/\/ujkafe.website\/index.php?rest_route=\/wp\/v2\/users\/3"}],"replies":[{"embeddable":true,"href":"https:\/\/ujkafe.website\/index.php?rest_route=%2Fwp%2Fv2%2Fcomments&post=15987"}],"version-history":[{"count":0,"href":"https:\/\/ujkafe.website\/index.php?rest_route=\/wp\/v2\/posts\/15987\/revisions"}],"wp:attachment":[{"href":"https:\/\/ujkafe.website\/index.php?rest_route=%2Fwp%2Fv2%2Fmedia&parent=15987"}],"wp:term":[{"taxonomy":"category","embeddable":true,"href":"https:\/\/ujkafe.website\/index.php?rest_route=%2Fwp%2Fv2%2Fcategories&post=15987"},{"taxonomy":"post_tag","embeddable":true,"href":"https:\/\/ujkafe.website\/index.php?rest_route=%2Fwp%2Fv2%2Ftags&post=15987"}],"curies":[{"name":"wp","href":"https:\/\/api.w.org\/{rel}","templated":true}]}}