
{"id":16251,"date":"2012-07-05T13:38:57","date_gmt":"2012-07-05T13:38:57","guid":{"rendered":"https:\/\/ujkafe.website\/?p=16251"},"modified":"2012-07-05T13:38:57","modified_gmt":"2012-07-05T13:38:57","slug":"balint-zsigmond-ahol-feszkelnek-a-fecskek","status":"publish","type":"post","link":"https:\/\/ujkafe.website\/?p=16251","title":{"rendered":"B\u00e1lint Zsigmond: Ahol f\u00e9szkelnek a fecsk\u00e9k"},"content":{"rendered":"<p><a href=\"https:\/\/ujkafe.website\/wp-content\/uploads\/2012\/07\/Sz\u00e1szcs\u00e1v\u00e1s-120703-6.Ahol-f\u00e9szkelnek-a-fecsk\u00e9k.jpg\"><img loading=\"lazy\" decoding=\"async\" class=\"alignnone  wp-image-16253\" title=\"Sz\u00e1szcs\u00e1v\u00e1s 120703-6.Ahol f\u00e9szkelnek a fecsk\u00e9k\" src=\"https:\/\/ujkafe.website\/wp-content\/uploads\/2012\/07\/Sz\u00e1szcs\u00e1v\u00e1s-120703-6.Ahol-f\u00e9szkelnek-a-fecsk\u00e9k.jpg\" alt=\"\" width=\"633\" height=\"423\" srcset=\"https:\/\/ujkafe.website\/wp-content\/uploads\/2012\/07\/Sz\u00e1szcs\u00e1v\u00e1s-120703-6.Ahol-f\u00e9szkelnek-a-fecsk\u00e9k.jpg 904w, https:\/\/ujkafe.website\/wp-content\/uploads\/2012\/07\/Sz\u00e1szcs\u00e1v\u00e1s-120703-6.Ahol-f\u00e9szkelnek-a-fecsk\u00e9k-300x200.jpg 300w\" sizes=\"auto, (max-width: 633px) 100vw, 633px\" \/><\/a><\/p>\n<p>P\u00e1losi Ferenc fotogr\u00e1fus, aki \u00e9vtizedeken kereszt\u00fcl a marosv\u00e1s\u00e1rhelyi fot\u00f3klub p\u00e9nzt\u00e1rosa volt, \u00e1prilisban v\u00e1ratlanul itthagyott benn\u00fcnket. \u00a0F\u00e9nyk\u00e9pei bej\u00e1rt\u00e1k a nagyvil\u00e1got, sikeresen k\u00e9pviselte v\u00e1rosunkat \u00e9s az orsz\u00e1got. Sokszor d\u00edjazt\u00e1k munk\u00e1it, hazai \u00e9s k\u00fclf\u00f6ldi katal\u00f3gusok k\u00f6z\u00f6lt\u00e9k k\u00e9peit. Sz\u00fcl\u0151faluj\u00e1hoz, \u00a0Sz\u00e1szcs\u00e1v\u00e1shoz mindig ragaszkodott. Az itt k\u00e9sz\u00fclt felv\u00e9teleit t\u00f6bb alkalommal bemutatta a helyi kult\u00farh\u00e1zban. Most a falunapokra k\u00e9sz\u00fclt egy \u00fajabb egy\u00e9ni ki\u00e1ll\u00edt\u00e1ssal, amit sajnos m\u00e1r nem tudott megval\u00f3s\u00edtani. Az \u0150 tisztelet\u00e9re \u00e9s eml\u00e9k\u00e9re t\u00f6bb alkalommal j\u00e1rtunk a faluj\u00e1ban \u00e9s az ott k\u00e9sz\u00fclt felv\u00e9telekb\u0151l j\u00falius 28-\u00e1n a falunapokon egy v\u00e1logat\u00e1st mutatunk be. \u00a0(B\u00e1lint Zsigmond)<\/p>\n","protected":false},"excerpt":{"rendered":"<p>P\u00e1losi Ferenc fotogr\u00e1fus, aki \u00e9vtizedeken kereszt\u00fcl a marosv\u00e1s\u00e1rhelyi fot\u00f3klub p\u00e9nzt\u00e1rosa volt, \u00e1prilisban v\u00e1ratlanul itthagyott benn\u00fcnket. \u00a0F\u00e9nyk\u00e9pei bej\u00e1rt\u00e1k a nagyvil\u00e1got, sikeresen k\u00e9pviselte v\u00e1rosunkat \u00e9s az orsz\u00e1got. Sokszor d\u00edjazt\u00e1k munk\u00e1it, hazai \u00e9s k\u00fclf\u00f6ldi katal\u00f3gusok k\u00f6z\u00f6lt\u00e9k k\u00e9peit. Sz\u00fcl\u0151faluj\u00e1hoz, \u00a0Sz\u00e1szcs\u00e1v\u00e1shoz mindig ragaszkodott. Az itt k\u00e9sz\u00fclt felv\u00e9teleit t\u00f6bb alkalommal bemutatta a helyi kult\u00farh\u00e1zban. Most a falunapokra k\u00e9sz\u00fclt egy \u00fajabb egy\u00e9ni [&hellip;]<\/p>\n","protected":false},"author":3,"featured_media":0,"comment_status":"open","ping_status":"open","sticky":false,"template":"","format":"standard","meta":{"_monsterinsights_skip_tracking":false,"_monsterinsights_sitenote_active":false,"_monsterinsights_sitenote_note":"","_monsterinsights_sitenote_category":0,"ngg_post_thumbnail":0,"footnotes":""},"categories":[5],"tags":[],"class_list":["post-16251","post","type-post","status-publish","format-standard","hentry","category-foto"],"_links":{"self":[{"href":"https:\/\/ujkafe.website\/index.php?rest_route=\/wp\/v2\/posts\/16251","targetHints":{"allow":["GET"]}}],"collection":[{"href":"https:\/\/ujkafe.website\/index.php?rest_route=\/wp\/v2\/posts"}],"about":[{"href":"https:\/\/ujkafe.website\/index.php?rest_route=\/wp\/v2\/types\/post"}],"author":[{"embeddable":true,"href":"https:\/\/ujkafe.website\/index.php?rest_route=\/wp\/v2\/users\/3"}],"replies":[{"embeddable":true,"href":"https:\/\/ujkafe.website\/index.php?rest_route=%2Fwp%2Fv2%2Fcomments&post=16251"}],"version-history":[{"count":0,"href":"https:\/\/ujkafe.website\/index.php?rest_route=\/wp\/v2\/posts\/16251\/revisions"}],"wp:attachment":[{"href":"https:\/\/ujkafe.website\/index.php?rest_route=%2Fwp%2Fv2%2Fmedia&parent=16251"}],"wp:term":[{"taxonomy":"category","embeddable":true,"href":"https:\/\/ujkafe.website\/index.php?rest_route=%2Fwp%2Fv2%2Fcategories&post=16251"},{"taxonomy":"post_tag","embeddable":true,"href":"https:\/\/ujkafe.website\/index.php?rest_route=%2Fwp%2Fv2%2Ftags&post=16251"}],"curies":[{"name":"wp","href":"https:\/\/api.w.org\/{rel}","templated":true}]}}