
{"id":16327,"date":"2012-07-08T07:22:51","date_gmt":"2012-07-08T07:22:51","guid":{"rendered":"https:\/\/ujkafe.website\/?p=16327"},"modified":"2012-07-08T07:22:51","modified_gmt":"2012-07-08T07:22:51","slug":"adam-gyula-regizene-fesztival-csikszeredaban-2011","status":"publish","type":"post","link":"https:\/\/ujkafe.website\/?p=16327","title":{"rendered":"\u00c1d\u00e1m Gyula: R\u00e9gizene fesztiv\u00e1l Cs\u00edkszered\u00e1ban, 2011"},"content":{"rendered":"<div id=\"attachment_16328\" style=\"width: 624px\" class=\"wp-caption alignnone\"><a href=\"https:\/\/ujkafe.website\/wp-content\/uploads\/2012\/07\/regizene_2011.jpg\"><img loading=\"lazy\" decoding=\"async\" aria-describedby=\"caption-attachment-16328\" class=\" wp-image-16328\" title=\"regizene_2011\" src=\"https:\/\/ujkafe.website\/wp-content\/uploads\/2012\/07\/regizene_2011.jpg\" alt=\"\" width=\"614\" height=\"340\" srcset=\"https:\/\/ujkafe.website\/wp-content\/uploads\/2012\/07\/regizene_2011.jpg 1024w, https:\/\/ujkafe.website\/wp-content\/uploads\/2012\/07\/regizene_2011-300x165.jpg 300w\" sizes=\"auto, (max-width: 614px) 100vw, 614px\" \/><\/a><p id=\"caption-attachment-16328\" class=\"wp-caption-text\">Ma este rajtol az idei Cs\u00edkszeredai R\u00e9gizene Fesztiv\u00e1l. A k\u00e1nikulai meleg rem\u00e9nyt ad, hogy az idei is ugyanolyan sz\u00ednpomp\u00e1s lesz, mint a tavalyi<\/p><\/div>\n","protected":false},"excerpt":{"rendered":"","protected":false},"author":3,"featured_media":0,"comment_status":"open","ping_status":"open","sticky":false,"template":"","format":"standard","meta":{"_monsterinsights_skip_tracking":false,"_monsterinsights_sitenote_active":false,"_monsterinsights_sitenote_note":"","_monsterinsights_sitenote_category":0,"ngg_post_thumbnail":0,"footnotes":""},"categories":[5],"tags":[],"class_list":["post-16327","post","type-post","status-publish","format-standard","hentry","category-foto"],"_links":{"self":[{"href":"https:\/\/ujkafe.website\/index.php?rest_route=\/wp\/v2\/posts\/16327","targetHints":{"allow":["GET"]}}],"collection":[{"href":"https:\/\/ujkafe.website\/index.php?rest_route=\/wp\/v2\/posts"}],"about":[{"href":"https:\/\/ujkafe.website\/index.php?rest_route=\/wp\/v2\/types\/post"}],"author":[{"embeddable":true,"href":"https:\/\/ujkafe.website\/index.php?rest_route=\/wp\/v2\/users\/3"}],"replies":[{"embeddable":true,"href":"https:\/\/ujkafe.website\/index.php?rest_route=%2Fwp%2Fv2%2Fcomments&post=16327"}],"version-history":[{"count":0,"href":"https:\/\/ujkafe.website\/index.php?rest_route=\/wp\/v2\/posts\/16327\/revisions"}],"wp:attachment":[{"href":"https:\/\/ujkafe.website\/index.php?rest_route=%2Fwp%2Fv2%2Fmedia&parent=16327"}],"wp:term":[{"taxonomy":"category","embeddable":true,"href":"https:\/\/ujkafe.website\/index.php?rest_route=%2Fwp%2Fv2%2Fcategories&post=16327"},{"taxonomy":"post_tag","embeddable":true,"href":"https:\/\/ujkafe.website\/index.php?rest_route=%2Fwp%2Fv2%2Ftags&post=16327"}],"curies":[{"name":"wp","href":"https:\/\/api.w.org\/{rel}","templated":true}]}}