
{"id":16344,"date":"2012-07-09T03:19:48","date_gmt":"2012-07-09T03:19:48","guid":{"rendered":"https:\/\/ujkafe.website\/?p=16344"},"modified":"2012-07-09T03:19:48","modified_gmt":"2012-07-09T03:19:48","slug":"adam-gyula-csikszeredai-regizene-fesztival-elso-nap","status":"publish","type":"post","link":"https:\/\/ujkafe.website\/?p=16344","title":{"rendered":"\u00c1d\u00e1m Gyula: Cs\u00edkszeredai R\u00e9gizene Fesztiv\u00e1l \/ els\u0151 nap"},"content":{"rendered":"<div id=\"attachment_16345\" style=\"width: 643px\" class=\"wp-caption alignnone\"><a href=\"https:\/\/ujkafe.website\/wp-content\/uploads\/2012\/07\/elsonap_02.jpg\"><img loading=\"lazy\" decoding=\"async\" aria-describedby=\"caption-attachment-16345\" class=\" wp-image-16345\" title=\"elsonap_02\" src=\"https:\/\/ujkafe.website\/wp-content\/uploads\/2012\/07\/elsonap_02.jpg\" alt=\"\" width=\"633\" height=\"421\" srcset=\"https:\/\/ujkafe.website\/wp-content\/uploads\/2012\/07\/elsonap_02.jpg 904w, https:\/\/ujkafe.website\/wp-content\/uploads\/2012\/07\/elsonap_02-300x199.jpg 300w\" sizes=\"auto, (max-width: 633px) 100vw, 633px\" \/><\/a><p id=\"caption-attachment-16345\" class=\"wp-caption-text\">Ensemble Renaissance (Szerbia)<\/p><\/div>\n<p><!--more--><\/p>\nngg_shortcode_0_placeholder\n<p><em>Vas\u00e1rnap, 2012. j\u00falius 8-\u00e1n a cs\u00edkszeredai Mik\u00f3 v\u00e1r udvar\u00e1n megny\u00edlt a hagyom\u00e1nyos fesztiv\u00e1l. Az utols\u00f3 k\u00e9pen Filip Ign\u00e1c Csaba, a rendezv\u00e9ny m\u0171v\u00e9szeti vezet\u0151je a nemr\u00e9g elhunyt koll\u00e9g\u00e1ra, a fesztiv\u00e1lalap\u00edt\u00f3 De\u00e1k Endr\u00e9re eml\u00e9kezik<\/em><\/p>\n","protected":false},"excerpt":{"rendered":"","protected":false},"author":3,"featured_media":0,"comment_status":"open","ping_status":"open","sticky":false,"template":"","format":"standard","meta":{"_monsterinsights_skip_tracking":false,"_monsterinsights_sitenote_active":false,"_monsterinsights_sitenote_note":"","_monsterinsights_sitenote_category":0,"ngg_post_thumbnail":0,"footnotes":""},"categories":[5],"tags":[],"class_list":["post-16344","post","type-post","status-publish","format-standard","hentry","category-foto"],"_links":{"self":[{"href":"https:\/\/ujkafe.website\/index.php?rest_route=\/wp\/v2\/posts\/16344","targetHints":{"allow":["GET"]}}],"collection":[{"href":"https:\/\/ujkafe.website\/index.php?rest_route=\/wp\/v2\/posts"}],"about":[{"href":"https:\/\/ujkafe.website\/index.php?rest_route=\/wp\/v2\/types\/post"}],"author":[{"embeddable":true,"href":"https:\/\/ujkafe.website\/index.php?rest_route=\/wp\/v2\/users\/3"}],"replies":[{"embeddable":true,"href":"https:\/\/ujkafe.website\/index.php?rest_route=%2Fwp%2Fv2%2Fcomments&post=16344"}],"version-history":[{"count":0,"href":"https:\/\/ujkafe.website\/index.php?rest_route=\/wp\/v2\/posts\/16344\/revisions"}],"wp:attachment":[{"href":"https:\/\/ujkafe.website\/index.php?rest_route=%2Fwp%2Fv2%2Fmedia&parent=16344"}],"wp:term":[{"taxonomy":"category","embeddable":true,"href":"https:\/\/ujkafe.website\/index.php?rest_route=%2Fwp%2Fv2%2Fcategories&post=16344"},{"taxonomy":"post_tag","embeddable":true,"href":"https:\/\/ujkafe.website\/index.php?rest_route=%2Fwp%2Fv2%2Ftags&post=16344"}],"curies":[{"name":"wp","href":"https:\/\/api.w.org\/{rel}","templated":true}]}}