
{"id":16362,"date":"2012-07-10T04:59:35","date_gmt":"2012-07-10T04:59:35","guid":{"rendered":"https:\/\/ujkafe.website\/?p=16362"},"modified":"2012-07-10T04:59:35","modified_gmt":"2012-07-10T04:59:35","slug":"adam-gyula-csikszeredai-regizene-fesztival-2012-masodik-nap","status":"publish","type":"post","link":"https:\/\/ujkafe.website\/?p=16362","title":{"rendered":"\u00c1d\u00e1m Gyula: Cs\u00edkszeredai R\u00e9gizene Fesztiv\u00e1l, 2012 \/ m\u00e1sodik nap"},"content":{"rendered":"<div id=\"attachment_16363\" style=\"width: 643px\" class=\"wp-caption alignnone\"><a href=\"https:\/\/ujkafe.website\/wp-content\/uploads\/2012\/07\/masodik_nap.jpg\"><img loading=\"lazy\" decoding=\"async\" aria-describedby=\"caption-attachment-16363\" class=\" wp-image-16363\" title=\"masodik_nap\" src=\"https:\/\/ujkafe.website\/wp-content\/uploads\/2012\/07\/masodik_nap.jpg\" alt=\"\" width=\"633\" height=\"421\" srcset=\"https:\/\/ujkafe.website\/wp-content\/uploads\/2012\/07\/masodik_nap.jpg 904w, https:\/\/ujkafe.website\/wp-content\/uploads\/2012\/07\/masodik_nap-300x199.jpg 300w\" sizes=\"auto, (max-width: 633px) 100vw, 633px\" \/><\/a><p id=\"caption-attachment-16363\" class=\"wp-caption-text\">Johann Sebastian Bach \u00e9s fiai c\u00edmmel koncertezett a Barokk Fesztiv\u00e1lzenekar a Szent \u00c1goston templomban<\/p><\/div>\n<p><!--more--><\/p>\nngg_shortcode_0_placeholder\n<p><em>Ulrike Titze drezdai barokkheged\u0171-m\u0171v\u00e9sz (els\u0151 k\u00e9p) vezet\u00e9s\u00e9vel a Fesztiv\u00e1l idej\u00e9re toborzott Barokk Fesztiv\u00e1lzenekar nagyszer\u0171 Bach-koncertet adott a v\u00e1ros egyik leg\u00fajabb templom\u00e1ban. Sz\u00f3lista: Rov\u00e1tkay Adrian fagottm\u0171v\u00e9sz (m\u00e1sodik k\u00e9pen, jobboldalt)<\/em><\/p>\n","protected":false},"excerpt":{"rendered":"","protected":false},"author":3,"featured_media":0,"comment_status":"open","ping_status":"open","sticky":false,"template":"","format":"standard","meta":{"_monsterinsights_skip_tracking":false,"_monsterinsights_sitenote_active":false,"_monsterinsights_sitenote_note":"","_monsterinsights_sitenote_category":0,"ngg_post_thumbnail":0,"footnotes":""},"categories":[5],"tags":[],"class_list":["post-16362","post","type-post","status-publish","format-standard","hentry","category-foto"],"_links":{"self":[{"href":"https:\/\/ujkafe.website\/index.php?rest_route=\/wp\/v2\/posts\/16362","targetHints":{"allow":["GET"]}}],"collection":[{"href":"https:\/\/ujkafe.website\/index.php?rest_route=\/wp\/v2\/posts"}],"about":[{"href":"https:\/\/ujkafe.website\/index.php?rest_route=\/wp\/v2\/types\/post"}],"author":[{"embeddable":true,"href":"https:\/\/ujkafe.website\/index.php?rest_route=\/wp\/v2\/users\/3"}],"replies":[{"embeddable":true,"href":"https:\/\/ujkafe.website\/index.php?rest_route=%2Fwp%2Fv2%2Fcomments&post=16362"}],"version-history":[{"count":0,"href":"https:\/\/ujkafe.website\/index.php?rest_route=\/wp\/v2\/posts\/16362\/revisions"}],"wp:attachment":[{"href":"https:\/\/ujkafe.website\/index.php?rest_route=%2Fwp%2Fv2%2Fmedia&parent=16362"}],"wp:term":[{"taxonomy":"category","embeddable":true,"href":"https:\/\/ujkafe.website\/index.php?rest_route=%2Fwp%2Fv2%2Fcategories&post=16362"},{"taxonomy":"post_tag","embeddable":true,"href":"https:\/\/ujkafe.website\/index.php?rest_route=%2Fwp%2Fv2%2Ftags&post=16362"}],"curies":[{"name":"wp","href":"https:\/\/api.w.org\/{rel}","templated":true}]}}