
{"id":16382,"date":"2012-07-12T05:21:25","date_gmt":"2012-07-12T05:21:25","guid":{"rendered":"https:\/\/ujkafe.website\/?p=16382"},"modified":"2012-07-13T05:22:38","modified_gmt":"2012-07-13T05:22:38","slug":"adam-gyula-csikszeredai-regizene-fesztival-2012-harmadik-nap-2","status":"publish","type":"post","link":"https:\/\/ujkafe.website\/?p=16382","title":{"rendered":"\u00c1d\u00e1m Gyula: Cs\u00edkszeredai R\u00e9gizene Fesztiv\u00e1l, 2012 \/ negyedik nap"},"content":{"rendered":"<div id=\"attachment_16386\" style=\"width: 643px\" class=\"wp-caption alignnone\"><a href=\"https:\/\/ujkafe.website\/wp-content\/uploads\/2012\/07\/csembalo.jpg\"><img loading=\"lazy\" decoding=\"async\" aria-describedby=\"caption-attachment-16386\" class=\" wp-image-16386\" title=\"csembalo\" src=\"https:\/\/ujkafe.website\/wp-content\/uploads\/2012\/07\/csembalo.jpg\" alt=\"\" width=\"633\" height=\"421\" srcset=\"https:\/\/ujkafe.website\/wp-content\/uploads\/2012\/07\/csembalo.jpg 904w, https:\/\/ujkafe.website\/wp-content\/uploads\/2012\/07\/csembalo-300x199.jpg 300w\" sizes=\"auto, (max-width: 633px) 100vw, 633px\" \/><\/a><p id=\"caption-attachment-16386\" class=\"wp-caption-text\">A R\u00e9gizenei Ny\u00e1ri Egyetem tan\u00e1rainak koncertje. A k\u00e9pen: Ulrike Titze, Csata Istv\u00e1n, Paul Cristian<\/p><\/div>\n<p><!--more--><\/p>\nngg_shortcode_0_placeholder\n<p><em>A fesztiv\u00e1l negyedik napj\u00e1n a fel\u00faj\u00edtott M\u00e1rton \u00c1ron Gimn\u00e1zium d\u00edszterm\u00e9ben zajlott le a tan\u00e1rok koncertje. A riport utols\u00f3 k\u00e9pe a hangverseny fin\u00e1l\u00e9j\u00e1n, a nagy n\u00e9vsorolvas\u00e1son k\u00e9sz\u00fclt. A soksz\u00edn\u0171, j\u00f3 \u00e9rtelemben r\u00f6gt\u00f6nz\u00f6tt el\u0151ad\u00e1s eml\u00e9kezetes marad a helyi k\u00f6z\u00f6ns\u00e9g sz\u00e1m\u00e1ra. <strong><a href=\"http:\/\/urszu2b.blogspot.ro\/p\/csikszeredai-regizene-fesztival-2012.html\">R\u00e9szletek az esem\u00e9nyr\u0151l az urszu 2b blogon.<\/a><\/strong><\/em><\/p>\n","protected":false},"excerpt":{"rendered":"","protected":false},"author":3,"featured_media":0,"comment_status":"open","ping_status":"open","sticky":false,"template":"","format":"standard","meta":{"_monsterinsights_skip_tracking":false,"_monsterinsights_sitenote_active":false,"_monsterinsights_sitenote_note":"","_monsterinsights_sitenote_category":0,"ngg_post_thumbnail":0,"footnotes":""},"categories":[5],"tags":[],"class_list":["post-16382","post","type-post","status-publish","format-standard","hentry","category-foto"],"_links":{"self":[{"href":"https:\/\/ujkafe.website\/index.php?rest_route=\/wp\/v2\/posts\/16382","targetHints":{"allow":["GET"]}}],"collection":[{"href":"https:\/\/ujkafe.website\/index.php?rest_route=\/wp\/v2\/posts"}],"about":[{"href":"https:\/\/ujkafe.website\/index.php?rest_route=\/wp\/v2\/types\/post"}],"author":[{"embeddable":true,"href":"https:\/\/ujkafe.website\/index.php?rest_route=\/wp\/v2\/users\/3"}],"replies":[{"embeddable":true,"href":"https:\/\/ujkafe.website\/index.php?rest_route=%2Fwp%2Fv2%2Fcomments&post=16382"}],"version-history":[{"count":0,"href":"https:\/\/ujkafe.website\/index.php?rest_route=\/wp\/v2\/posts\/16382\/revisions"}],"wp:attachment":[{"href":"https:\/\/ujkafe.website\/index.php?rest_route=%2Fwp%2Fv2%2Fmedia&parent=16382"}],"wp:term":[{"taxonomy":"category","embeddable":true,"href":"https:\/\/ujkafe.website\/index.php?rest_route=%2Fwp%2Fv2%2Fcategories&post=16382"},{"taxonomy":"post_tag","embeddable":true,"href":"https:\/\/ujkafe.website\/index.php?rest_route=%2Fwp%2Fv2%2Ftags&post=16382"}],"curies":[{"name":"wp","href":"https:\/\/api.w.org\/{rel}","templated":true}]}}