
{"id":16411,"date":"2012-07-13T05:31:29","date_gmt":"2012-07-13T05:31:29","guid":{"rendered":"https:\/\/ujkafe.website\/?p=16411"},"modified":"2012-07-13T07:52:43","modified_gmt":"2012-07-13T07:52:43","slug":"csendorlaktanya-1914","status":"publish","type":"post","link":"https:\/\/ujkafe.website\/?p=16411","title":{"rendered":"Csend\u0151rlaktanya, 1914"},"content":{"rendered":"<p><a href=\"https:\/\/ujkafe.website\/wp-content\/uploads\/2012\/07\/papp-janos.jpg\"><img loading=\"lazy\" decoding=\"async\" class=\"alignnone  wp-image-16412\" title=\"papp janos\" src=\"https:\/\/ujkafe.website\/wp-content\/uploads\/2012\/07\/papp-janos.jpg\" alt=\"\" width=\"615\" height=\"457\" srcset=\"https:\/\/ujkafe.website\/wp-content\/uploads\/2012\/07\/papp-janos.jpg 759w, https:\/\/ujkafe.website\/wp-content\/uploads\/2012\/07\/papp-janos-300x222.jpg 300w\" sizes=\"auto, (max-width: 615px) 100vw, 615px\" \/><\/a><\/p>\n<p><strong>B\u00f6l\u00f6ni Domokost\u00f3l kaptuk az al\u00e1bbi k\u00fcldem\u00e9nyt. Azt \u00edrja, hogy e fot\u00f3 a sz\u00e1szr\u00e9geni Papp J\u00e1nos tan\u00e1r tulajdona, aki ekk\u00e9nt eml\u00e9kszik a t\u00f6rt\u00e9net\u00e9r\u0151l:<\/strong><\/p>\n<p>&#8222;1914 okt\u00f3ber 1-\u00e9n k\u00e9sz\u00fclt, a magyarr\u00e9geni csed\u0151rlaktanya udvar\u00e1n. <!--more-->Teh\u00e1t m\u00e1r a nagy h\u00e1bor\u00fa idej\u00e9n. Tal\u00e1n ez is magyar\u00e1zza, hogy a nyalka csend\u0151r\u00f6k helyett gondterhelt parasztarcokat l\u00e1tunk. De a l\u00e1tszatra az\u00e9rt adtak. A k\u00e9phez annyi a k\u00f6z\u00f6m, hogy d\u00e9dnagyap\u00e1m is rajta van. H\u00e1ts\u00f3 sorban jobbr\u00f3l a harmadik, az ajt\u00f3 ir\u00e1nt. \u00dagy n\u00e9zem, hogy igyekezett marci\u00e1lis p\u00f3zt felvenni. Neve Farcz\u00e1di Gy\u00f6rgy, amihez mind\u00e9g hozz\u00e1tette a nemes c\u00edmet. M\u00e1sk\u00fcl\u00f6mben m\u00e9g h\u00e9tszilvaf\u00e1s sem volt, csel\u00e9dember, ha b\u00fcszke is volt re\u00e1, hogy par\u00e1d\u00e9skocsis. Kem\u00e9ny, \u00f6n\u00e9rzetes emberk\u00e9nt a gazd\u00e1j\u00e1nak is visszasz\u00f3lt, ha az t\u00falfesz\u00edtette a h\u00fart .K\u00e9t esetre eml\u00e9kszem, amit r\u00f3la reg\u00e9ltek. Egy alkalommal a korcsma emeleti iv\u00f3j\u00e1b\u00f3l dobta ki a gazdatiszt urat, tark\u00f3j\u00e1n\u00e1l meg trotty\u00e1n\u00e1l fogva, mert komiszkodni akart vele. A m\u00e1sodik eset m\u00e1r komolyabb volt, annyira, hogy a gr\u00f3f \u00far sem tudta kimenteni kedvenc kocsis\u00e1t. Egy cs\u00edkszeredai \u00fat alkalm\u00e1val \u00e9szrevette, hogy a szomsz\u00e9d l\u00f3 gazd\u00e1ja zabot lopott az \u0151 lovai el\u0151l. Ilyen inf\u00e1mis tettet nem tudott elt\u0171rni, \u00e9s mire, nehezen, sz\u00e9tv\u00e1lasztott\u00e1k \u0151ket, h\u00e1t megvolt a neh\u00e9z testi s\u00e9rt\u00e9s, ami\u00e9rt 2 \u00e9vet \u00fclt; ezek voltak az \u0151 iskola\u00e9vei. Eml\u00e9kem alig van r\u00f3la, tudom, egyszer ostort font nekem, amit rajta pr\u00f3b\u00e1ltam ki. A k\u00f6vetkez\u0151 esetben m\u00e1r a ny\u00fajt\u00f3padon volt, de a kacki\u00e1s bajusz\u00e1ra most is eml\u00e9kszem&#8230;&#8221;<\/p>\n<p><em>(A szerkeszt\u0151, Cseke G\u00e1bor megjegyz\u00e9se: Az eml\u00e9kez\u00e9s \u00e9s a k\u00e9p \u00f6nmaguk\u00e9rt besz\u00e9lnek. K\u00f6sz\u00f6n\u00f6m B\u00f6l\u00f6ni Domokos bar\u00e1tomnak, hogy ezt az \u00e9lm\u00e9nyt megosztotta velem, s rajtam kereszt\u00fcl azokkal, akik most e sorokat olvass\u00e1k.)<\/em><\/p>\n","protected":false},"excerpt":{"rendered":"<p>B\u00f6l\u00f6ni Domokost\u00f3l kaptuk az al\u00e1bbi k\u00fcldem\u00e9nyt. Azt \u00edrja, hogy e fot\u00f3 a sz\u00e1szr\u00e9geni Papp J\u00e1nos tan\u00e1r tulajdona, aki ekk\u00e9nt eml\u00e9kszik a t\u00f6rt\u00e9net\u00e9r\u0151l: &#8222;1914 okt\u00f3ber 1-\u00e9n k\u00e9sz\u00fclt, a magyarr\u00e9geni csed\u0151rlaktanya udvar\u00e1n.<\/p>\n","protected":false},"author":3,"featured_media":0,"comment_status":"open","ping_status":"open","sticky":false,"template":"","format":"standard","meta":{"_monsterinsights_skip_tracking":false,"_monsterinsights_sitenote_active":false,"_monsterinsights_sitenote_note":"","_monsterinsights_sitenote_category":0,"ngg_post_thumbnail":0,"footnotes":""},"categories":[5],"tags":[],"class_list":["post-16411","post","type-post","status-publish","format-standard","hentry","category-foto"],"_links":{"self":[{"href":"https:\/\/ujkafe.website\/index.php?rest_route=\/wp\/v2\/posts\/16411","targetHints":{"allow":["GET"]}}],"collection":[{"href":"https:\/\/ujkafe.website\/index.php?rest_route=\/wp\/v2\/posts"}],"about":[{"href":"https:\/\/ujkafe.website\/index.php?rest_route=\/wp\/v2\/types\/post"}],"author":[{"embeddable":true,"href":"https:\/\/ujkafe.website\/index.php?rest_route=\/wp\/v2\/users\/3"}],"replies":[{"embeddable":true,"href":"https:\/\/ujkafe.website\/index.php?rest_route=%2Fwp%2Fv2%2Fcomments&post=16411"}],"version-history":[{"count":0,"href":"https:\/\/ujkafe.website\/index.php?rest_route=\/wp\/v2\/posts\/16411\/revisions"}],"wp:attachment":[{"href":"https:\/\/ujkafe.website\/index.php?rest_route=%2Fwp%2Fv2%2Fmedia&parent=16411"}],"wp:term":[{"taxonomy":"category","embeddable":true,"href":"https:\/\/ujkafe.website\/index.php?rest_route=%2Fwp%2Fv2%2Fcategories&post=16411"},{"taxonomy":"post_tag","embeddable":true,"href":"https:\/\/ujkafe.website\/index.php?rest_route=%2Fwp%2Fv2%2Ftags&post=16411"}],"curies":[{"name":"wp","href":"https:\/\/api.w.org\/{rel}","templated":true}]}}