
{"id":16434,"date":"2012-07-16T06:28:30","date_gmt":"2012-07-16T06:28:30","guid":{"rendered":"https:\/\/ujkafe.website\/?p=16434"},"modified":"2012-07-16T06:28:30","modified_gmt":"2012-07-16T06:28:30","slug":"somorcik-sz-rozalia-elongacio","status":"publish","type":"post","link":"https:\/\/ujkafe.website\/?p=16434","title":{"rendered":"Somor\u010d\u00edk Sz. Roz\u00e1lia: Elong\u00e1ci\u00f3"},"content":{"rendered":"<p>M\u00e9g t\u00e1vol van minden,<br \/>\na s\u00f6t\u00e9t a f\u00fcgg\u00f6nnyel lebben,<br \/>\nfeket\u00e9b\u0151l \u00e9bred a reggel,<br \/>\n\u00e9s nem keresztezheted<br \/>\na k\u00fcl\u00f6nbs\u00e9geket.<!--more--><\/p>\n<p>Feh\u00e9r ruh\u00e1ban libben<br \/>\na test, a p\u00e1ntokhoz lapul.<br \/>\nK\u00e9t \u201eel\u201d bet\u0171 simul<br \/>\negym\u00e1s mellett,<br \/>\na v\u00e1ll eml\u00e9kezik.<\/p>\n<p>A k\u00e9z nem felejt,<br \/>\nkem\u00e9ny, k\u00f3dol, dobozba z\u00e1rn\u00e1<br \/>\na sz\u00e9p p\u00e1rhuzamokat is,<br \/>\nmelyek \u00e1rtatlanul lengenek,<br \/>\nde a v\u00e1ll nem engedi a kezet.<\/p>\n<p>Gondolom, tudod,<br \/>\nne \u00e9rjenek \u00f6ssze a p\u00e1ntok,<br \/>\ncsak ny\u00falj al\u00e1juk, hagyd,<br \/>\nhogy a sz\u00f6gek maradjanak.<\/p>\n<div id=\"attachment_16443\" style=\"width: 640px\" class=\"wp-caption alignnone\"><a href=\"https:\/\/ujkafe.website\/wp-content\/uploads\/2012\/07\/ruhak.jpg\"><img loading=\"lazy\" decoding=\"async\" aria-describedby=\"caption-attachment-16443\" class=\" wp-image-16443\" title=\"ruhak\" src=\"https:\/\/ujkafe.website\/wp-content\/uploads\/2012\/07\/ruhak.jpg\" alt=\"\" width=\"630\" height=\"417\" srcset=\"https:\/\/ujkafe.website\/wp-content\/uploads\/2012\/07\/ruhak.jpg 900w, https:\/\/ujkafe.website\/wp-content\/uploads\/2012\/07\/ruhak-300x198.jpg 300w\" sizes=\"auto, (max-width: 630px) 100vw, 630px\" \/><\/a><p id=\"caption-attachment-16443\" class=\"wp-caption-text\">A szerz\u0151 fot\u00f3i<\/p><\/div>\n","protected":false},"excerpt":{"rendered":"<p>M\u00e9g t\u00e1vol van minden, a s\u00f6t\u00e9t a f\u00fcgg\u00f6nnyel lebben, feket\u00e9b\u0151l \u00e9bred a reggel, \u00e9s nem keresztezheted a k\u00fcl\u00f6nbs\u00e9geket.<\/p>\n","protected":false},"author":3,"featured_media":0,"comment_status":"open","ping_status":"open","sticky":false,"template":"","format":"standard","meta":{"_monsterinsights_skip_tracking":false,"_monsterinsights_sitenote_active":false,"_monsterinsights_sitenote_note":"","_monsterinsights_sitenote_category":0,"ngg_post_thumbnail":0,"footnotes":""},"categories":[5,4],"tags":[],"class_list":["post-16434","post","type-post","status-publish","format-standard","hentry","category-foto","category-vers"],"_links":{"self":[{"href":"https:\/\/ujkafe.website\/index.php?rest_route=\/wp\/v2\/posts\/16434","targetHints":{"allow":["GET"]}}],"collection":[{"href":"https:\/\/ujkafe.website\/index.php?rest_route=\/wp\/v2\/posts"}],"about":[{"href":"https:\/\/ujkafe.website\/index.php?rest_route=\/wp\/v2\/types\/post"}],"author":[{"embeddable":true,"href":"https:\/\/ujkafe.website\/index.php?rest_route=\/wp\/v2\/users\/3"}],"replies":[{"embeddable":true,"href":"https:\/\/ujkafe.website\/index.php?rest_route=%2Fwp%2Fv2%2Fcomments&post=16434"}],"version-history":[{"count":0,"href":"https:\/\/ujkafe.website\/index.php?rest_route=\/wp\/v2\/posts\/16434\/revisions"}],"wp:attachment":[{"href":"https:\/\/ujkafe.website\/index.php?rest_route=%2Fwp%2Fv2%2Fmedia&parent=16434"}],"wp:term":[{"taxonomy":"category","embeddable":true,"href":"https:\/\/ujkafe.website\/index.php?rest_route=%2Fwp%2Fv2%2Fcategories&post=16434"},{"taxonomy":"post_tag","embeddable":true,"href":"https:\/\/ujkafe.website\/index.php?rest_route=%2Fwp%2Fv2%2Ftags&post=16434"}],"curies":[{"name":"wp","href":"https:\/\/api.w.org\/{rel}","templated":true}]}}