
{"id":16436,"date":"2012-07-14T09:43:30","date_gmt":"2012-07-14T09:43:30","guid":{"rendered":"https:\/\/ujkafe.website\/?p=16436"},"modified":"2012-07-14T09:43:30","modified_gmt":"2012-07-14T09:43:30","slug":"adam-gyula-csikszeredai-regizene-fesztival-2012-hatodik-nap","status":"publish","type":"post","link":"https:\/\/ujkafe.website\/?p=16436","title":{"rendered":"\u00c1d\u00e1m Gyula: Cs\u00edkszeredai R\u00e9gizene Fesztiv\u00e1l, 2012 \/ hatodik nap"},"content":{"rendered":"<div id=\"attachment_16437\" style=\"width: 624px\" class=\"wp-caption alignnone\"><a href=\"https:\/\/ujkafe.website\/wp-content\/uploads\/2012\/07\/fcollegium_02.jpg\"><img loading=\"lazy\" decoding=\"async\" aria-describedby=\"caption-attachment-16437\" class=\" wp-image-16437\" title=\"fcollegium_02\" src=\"https:\/\/ujkafe.website\/wp-content\/uploads\/2012\/07\/fcollegium_02.jpg\" alt=\"\" width=\"614\" height=\"408\" srcset=\"https:\/\/ujkafe.website\/wp-content\/uploads\/2012\/07\/fcollegium_02.jpg 1024w, https:\/\/ujkafe.website\/wp-content\/uploads\/2012\/07\/fcollegium_02-300x199.jpg 300w\" sizes=\"auto, (max-width: 614px) 100vw, 614px\" \/><\/a><p id=\"caption-attachment-16437\" class=\"wp-caption-text\">A nagyk\u00e1rolyi Collegium m\u0171sora - De\u00e1k Endre n\u00e9lk\u00fcl<\/p><\/div>\n<p><!--more-->ngg_shortcode_0_placeholder<\/p>\n<p><em>\u00a0A riport els\u0151 \u00f6t k\u00e9pe a R\u00e9gizenei Ny\u00e1ri Egyetem kurzusainak utols\u00f3 napj\u00e1n k\u00e9sz\u00fclt; a vizsgakoncertek ma, szombaton vannak * A 6-7-8. k\u00e9peken a nagyk\u00e1rolyi Collegium koncertj\u00e9nek pillanatai, illetve az egy\u00fcttes nemr\u00e9g elhunyt vezet\u0151j\u00e9re, De\u00e1k Endr\u00e9re val\u00f3 k\u00f6z\u00f6ss\u00e9gi eml\u00e9kez\u00e9s l\u00e1tszik. Eml\u00e9kbesz\u00e9det mond Brandner N\u00f3ra * Az utols\u00f3 \u00f6t felv\u00e9telen a Transylvania Barokk Egy\u00fcttes hangverseny\u00e9nek pillanatai. Az utols\u00f3 el\u0151tti fot\u00f3n, balr\u00f3l jobbra: Bartha M\u00e1ty\u00e1s, Ciprian Campeanu, Erich T\u00fcrk, Maj\u00f3 Zolt\u00e1n. * <strong><a href=\"http:\/\/urszu2b.blogspot.ro\/p\/csikszeredai-regizene-fesztival-2012.html\">R\u00e9szletesebb besz\u00e1mol\u00f3 az urszu 2b blogon<\/a><\/strong><\/em><\/p>\n","protected":false},"excerpt":{"rendered":"","protected":false},"author":3,"featured_media":0,"comment_status":"open","ping_status":"open","sticky":false,"template":"","format":"standard","meta":{"_monsterinsights_skip_tracking":false,"_monsterinsights_sitenote_active":false,"_monsterinsights_sitenote_note":"","_monsterinsights_sitenote_category":0,"ngg_post_thumbnail":0,"footnotes":""},"categories":[5],"tags":[],"class_list":["post-16436","post","type-post","status-publish","format-standard","hentry","category-foto"],"_links":{"self":[{"href":"https:\/\/ujkafe.website\/index.php?rest_route=\/wp\/v2\/posts\/16436","targetHints":{"allow":["GET"]}}],"collection":[{"href":"https:\/\/ujkafe.website\/index.php?rest_route=\/wp\/v2\/posts"}],"about":[{"href":"https:\/\/ujkafe.website\/index.php?rest_route=\/wp\/v2\/types\/post"}],"author":[{"embeddable":true,"href":"https:\/\/ujkafe.website\/index.php?rest_route=\/wp\/v2\/users\/3"}],"replies":[{"embeddable":true,"href":"https:\/\/ujkafe.website\/index.php?rest_route=%2Fwp%2Fv2%2Fcomments&post=16436"}],"version-history":[{"count":0,"href":"https:\/\/ujkafe.website\/index.php?rest_route=\/wp\/v2\/posts\/16436\/revisions"}],"wp:attachment":[{"href":"https:\/\/ujkafe.website\/index.php?rest_route=%2Fwp%2Fv2%2Fmedia&parent=16436"}],"wp:term":[{"taxonomy":"category","embeddable":true,"href":"https:\/\/ujkafe.website\/index.php?rest_route=%2Fwp%2Fv2%2Fcategories&post=16436"},{"taxonomy":"post_tag","embeddable":true,"href":"https:\/\/ujkafe.website\/index.php?rest_route=%2Fwp%2Fv2%2Ftags&post=16436"}],"curies":[{"name":"wp","href":"https:\/\/api.w.org\/{rel}","templated":true}]}}