
{"id":16448,"date":"2012-07-16T09:36:58","date_gmt":"2012-07-16T09:36:58","guid":{"rendered":"https:\/\/ujkafe.website\/?p=16448"},"modified":"2012-07-16T09:36:58","modified_gmt":"2012-07-16T09:36:58","slug":"adam-gyula-csikszeredai-regizene-fesztival-hetedik-nap","status":"publish","type":"post","link":"https:\/\/ujkafe.website\/?p=16448","title":{"rendered":"\u00c1d\u00e1m Gyula: Cs\u00edkszeredai R\u00e9gizene Fesztiv\u00e1l \/ hetedik nap"},"content":{"rendered":"<div id=\"attachment_16449\" style=\"width: 643px\" class=\"wp-caption alignnone\"><a href=\"https:\/\/ujkafe.website\/wp-content\/uploads\/2012\/07\/reneszansz02.jpg\"><img loading=\"lazy\" decoding=\"async\" aria-describedby=\"caption-attachment-16449\" class=\" wp-image-16449\" title=\"reneszansz02\" src=\"https:\/\/ujkafe.website\/wp-content\/uploads\/2012\/07\/reneszansz02.jpg\" alt=\"\" width=\"633\" height=\"447\" srcset=\"https:\/\/ujkafe.website\/wp-content\/uploads\/2012\/07\/reneszansz02.jpg 904w, https:\/\/ujkafe.website\/wp-content\/uploads\/2012\/07\/reneszansz02-300x212.jpg 300w\" sizes=\"auto, (max-width: 633px) 100vw, 633px\" \/><\/a><p id=\"caption-attachment-16449\" class=\"wp-caption-text\">Szombat este, a koncertek ut\u00e1n renesz\u00e1nsz t\u00e1nch\u00e1z a Mik\u00f3 v\u00e1r udvar\u00e1n<\/p><\/div>\n<p><!--more-->ngg_shortcode_0_placeholder<\/p>\n<p><em>\u00a0Az els\u0151 k\u00e9t k\u00e9pen a Musica Historica m\u0171sor\u00e1b\u00f3l k\u00e9t jelenet; v\u00e9gv\u00e1ri, udvarh\u00e1zi \u00e9s v\u00e1rosi muzsik\u00e1t adtak el\u0151 * a 3-7. k\u00e9pek a Codex egy\u00fcttes zen\u00e9s-t\u00e1ncos vari\u00e1ci\u00f3s m\u0171sor\u00e1t illusztr\u00e1lj\u00e1k * A 8-14. k\u00e9pek a szombat d\u00e9lel\u0151tt a v\u00e1rban foly\u00f3 renesz\u00e1nsz j\u00e1tsz\u00f3h\u00e1zba engednek bepillant\u00e1st, m\u00edg a legutols\u00f3 fot\u00f3k a k\u00e9s\u0151 esti renesz\u00e1nsz t\u00e1nch\u00e1zban k\u00e9sz\u00fcltek * <strong><a href=\"http:\/\/urszu2b.blogspot.ro\/p\/csikszeredai-regizene-fesztival-2012.html\">R\u00e9szletesebben a hetedik napr\u00f3l az urszu 2b blogon<\/a><\/strong><\/em><\/p>\n","protected":false},"excerpt":{"rendered":"","protected":false},"author":3,"featured_media":0,"comment_status":"open","ping_status":"open","sticky":false,"template":"","format":"standard","meta":{"_monsterinsights_skip_tracking":false,"_monsterinsights_sitenote_active":false,"_monsterinsights_sitenote_note":"","_monsterinsights_sitenote_category":0,"ngg_post_thumbnail":0,"footnotes":""},"categories":[5],"tags":[],"class_list":["post-16448","post","type-post","status-publish","format-standard","hentry","category-foto"],"_links":{"self":[{"href":"https:\/\/ujkafe.website\/index.php?rest_route=\/wp\/v2\/posts\/16448","targetHints":{"allow":["GET"]}}],"collection":[{"href":"https:\/\/ujkafe.website\/index.php?rest_route=\/wp\/v2\/posts"}],"about":[{"href":"https:\/\/ujkafe.website\/index.php?rest_route=\/wp\/v2\/types\/post"}],"author":[{"embeddable":true,"href":"https:\/\/ujkafe.website\/index.php?rest_route=\/wp\/v2\/users\/3"}],"replies":[{"embeddable":true,"href":"https:\/\/ujkafe.website\/index.php?rest_route=%2Fwp%2Fv2%2Fcomments&post=16448"}],"version-history":[{"count":0,"href":"https:\/\/ujkafe.website\/index.php?rest_route=\/wp\/v2\/posts\/16448\/revisions"}],"wp:attachment":[{"href":"https:\/\/ujkafe.website\/index.php?rest_route=%2Fwp%2Fv2%2Fmedia&parent=16448"}],"wp:term":[{"taxonomy":"category","embeddable":true,"href":"https:\/\/ujkafe.website\/index.php?rest_route=%2Fwp%2Fv2%2Fcategories&post=16448"},{"taxonomy":"post_tag","embeddable":true,"href":"https:\/\/ujkafe.website\/index.php?rest_route=%2Fwp%2Fv2%2Ftags&post=16448"}],"curies":[{"name":"wp","href":"https:\/\/api.w.org\/{rel}","templated":true}]}}