
{"id":16452,"date":"2012-07-16T09:42:24","date_gmt":"2012-07-16T09:42:24","guid":{"rendered":"https:\/\/ujkafe.website\/?p=16452"},"modified":"2012-07-16T09:55:07","modified_gmt":"2012-07-16T09:55:07","slug":"adam-gyula-csikszeredai-regizene-fesztival-2012-utolso-nyolcadik-nap","status":"publish","type":"post","link":"https:\/\/ujkafe.website\/?p=16452","title":{"rendered":"\u00c1d\u00e1m Gyula: Cs\u00edkszeredai R\u00e9gizene Fesztiv\u00e1l, 2012 \/ utols\u00f3, nyolcadik nap"},"content":{"rendered":"<div id=\"attachment_16453\" style=\"width: 643px\" class=\"wp-caption alignnone\"><a href=\"https:\/\/ujkafe.website\/wp-content\/uploads\/2012\/07\/3_parale03.jpg\"><img loading=\"lazy\" decoding=\"async\" aria-describedby=\"caption-attachment-16453\" class=\" wp-image-16453\" title=\"3_parale03\" src=\"https:\/\/ujkafe.website\/wp-content\/uploads\/2012\/07\/3_parale03.jpg\" alt=\"\" width=\"633\" height=\"545\" srcset=\"https:\/\/ujkafe.website\/wp-content\/uploads\/2012\/07\/3_parale03.jpg 904w, https:\/\/ujkafe.website\/wp-content\/uploads\/2012\/07\/3_parale03-300x258.jpg 300w\" sizes=\"auto, (max-width: 633px) 100vw, 633px\" \/><\/a><p id=\"caption-attachment-16453\" class=\"wp-caption-text\">Trei Parale egy\u00fcttes, Bukarest (Beatrice Iordan)<\/p><\/div>\n<p><!--more-->ngg_shortcode_0_placeholder<\/p>\n<p><em>\u00a0Az els\u0151 k\u00e9pen a bukaresti Lyceum Consort a cs\u00edksomly\u00f3i kegytemplomban * A 2-3-4, illetve az utols\u00f3 el\u0151tti fot\u00f3 a K\u00e1joni Consort \u00e9s a Gy\u00f6ngyharmat egy\u00fcttesek \u00c1rgirus kir\u00e1lyfir\u00f3l sz\u00f3l\u00f3 zen\u00e9s-t\u00e1ncos sz\u00e9phist\u00f3ri\u00e1ja * 5-9. a Barozda egy\u00fcttes m\u0171sor\u00e1b\u00f3l * A t\u00f6bbi a Trei Parale bukaresti egy\u00fcttes bemutatkoz\u00e1s\u00e1r\u00f3l k\u00e9sz\u00fclt, akik a XIX. sz\u00e1zadi rom\u00e1n v\u00e1rosi zene gy\u00f6kereib\u0151l ny\u00fajtottak \u00edzel\u00edt\u0151t. *<strong><a href=\"http:\/\/urszu2b.blogspot.ro\/p\/csikszeredai-regizene-fesztival-2012.html\"> R\u00e9szletesebb besz\u00e1mol\u00f3t az urszu 2b blogon olvashatni.<\/a><\/strong><\/em><\/p>\n<p>&nbsp;<\/p>\n","protected":false},"excerpt":{"rendered":"","protected":false},"author":3,"featured_media":0,"comment_status":"open","ping_status":"open","sticky":false,"template":"","format":"standard","meta":{"_monsterinsights_skip_tracking":false,"_monsterinsights_sitenote_active":false,"_monsterinsights_sitenote_note":"","_monsterinsights_sitenote_category":0,"ngg_post_thumbnail":0,"footnotes":""},"categories":[5],"tags":[],"class_list":["post-16452","post","type-post","status-publish","format-standard","hentry","category-foto"],"_links":{"self":[{"href":"https:\/\/ujkafe.website\/index.php?rest_route=\/wp\/v2\/posts\/16452","targetHints":{"allow":["GET"]}}],"collection":[{"href":"https:\/\/ujkafe.website\/index.php?rest_route=\/wp\/v2\/posts"}],"about":[{"href":"https:\/\/ujkafe.website\/index.php?rest_route=\/wp\/v2\/types\/post"}],"author":[{"embeddable":true,"href":"https:\/\/ujkafe.website\/index.php?rest_route=\/wp\/v2\/users\/3"}],"replies":[{"embeddable":true,"href":"https:\/\/ujkafe.website\/index.php?rest_route=%2Fwp%2Fv2%2Fcomments&post=16452"}],"version-history":[{"count":0,"href":"https:\/\/ujkafe.website\/index.php?rest_route=\/wp\/v2\/posts\/16452\/revisions"}],"wp:attachment":[{"href":"https:\/\/ujkafe.website\/index.php?rest_route=%2Fwp%2Fv2%2Fmedia&parent=16452"}],"wp:term":[{"taxonomy":"category","embeddable":true,"href":"https:\/\/ujkafe.website\/index.php?rest_route=%2Fwp%2Fv2%2Fcategories&post=16452"},{"taxonomy":"post_tag","embeddable":true,"href":"https:\/\/ujkafe.website\/index.php?rest_route=%2Fwp%2Fv2%2Ftags&post=16452"}],"curies":[{"name":"wp","href":"https:\/\/api.w.org\/{rel}","templated":true}]}}