
{"id":16572,"date":"2012-07-23T05:05:48","date_gmt":"2012-07-23T05:05:48","guid":{"rendered":"https:\/\/ujkafe.website\/?p=16572"},"modified":"2012-07-23T05:06:11","modified_gmt":"2012-07-23T05:06:11","slug":"%e2%80%9ebarkas-ocsi-avagy-vandorszallo-a-balaton-korul","status":"publish","type":"post","link":"https:\/\/ujkafe.website\/?p=16572","title":{"rendered":"\u201eBarkas \u00d6csi\u201d avagy v\u00e1ndorsz\u00e1ll\u00f3 a Balaton k\u00f6r\u00fcl"},"content":{"rendered":"<div id=\"attachment_16576\" style=\"width: 643px\" class=\"wp-caption alignnone\"><a href=\"https:\/\/ujkafe.website\/wp-content\/uploads\/2012\/07\/mozgo_01.jpg\"><img loading=\"lazy\" decoding=\"async\" aria-describedby=\"caption-attachment-16576\" class=\" wp-image-16576\" title=\"mozgo_01\" src=\"https:\/\/ujkafe.website\/wp-content\/uploads\/2012\/07\/mozgo_01.jpg\" alt=\"\" width=\"633\" height=\"435\" srcset=\"https:\/\/ujkafe.website\/wp-content\/uploads\/2012\/07\/mozgo_01.jpg 904w, https:\/\/ujkafe.website\/wp-content\/uploads\/2012\/07\/mozgo_01-300x206.jpg 300w\" sizes=\"auto, (max-width: 633px) 100vw, 633px\" \/><\/a><p id=\"caption-attachment-16576\" class=\"wp-caption-text\">A &quot;mozg\u00f3 sz\u00e1ll\u00f3&quot; d\u00edsz\u00edt\u00e9se (r\u00e9szlet)<\/p><\/div>\n<p><!--more--><\/p>\nngg_shortcode_0_placeholder\n<p><em>Nem sietnek vele sehov\u00e1, hisz nem is erre lett tervezve, az a lak\u00f3aut\u00f3, mely egy 38 \u00e9ves Barkas aut\u00f3ment\u0151 alv\u00e1z\u00e1ra lett \u00e9p\u00edtve h\u00e1zilag. A k\u00fcl\u00f6n\u00f6s g\u00e9pj\u00e1rm\u0171vet t\u00f6bb sz\u00e1z munka\u00f3r\u00e1val \u201evar\u00e1zsolt\u00e1k\u201d olyann\u00e1, amiv\u00e9 lett: Horv\u00e1th L\u00e1szl\u00f3 rokkantnyugd\u00edjas \u00e9s Salg\u00f3 Attila helikopterszerel\u0151. A fel\u00e9p\u00edtm\u00e9nyben &#8211; mely h\u0171thet\u0151 \u00e9s f\u0171thet\u0151 &#8211; helyet kapott a mosd\u00f3, mosogat\u00f3, g\u00e1zt\u0171zhely, h\u0171t\u0151szekr\u00e9ny, faliszekr\u00e9nyek \u00e9s adott esetben nyolc embernek is biztos\u00edt sz\u00e1ll\u00e1s lehet\u0151s\u00e9get a \u201emozg\u00f3 sz\u00e1lloda\u201d. A k\u00f6rnyezetszennyez\u0151 k\u00e9t\u00fctem\u0171 helyett egy \u201eizmosabb\u201d Lada motor er\u0151forr\u00e1sa biztos\u00edtja a hajt\u00e1st, mely \u00f3r\u00e1nk\u00e9nt k\u00f6zel 60km\/\u00f3ra sebess\u00e9gre k\u00e9pes \u00e9s 100 kilom\u00e9terenk\u00e9nt 10 liter norm\u00e1l benzint fogyaszt. Ny\u00e1ron a \u201eBarkas \u00d6csi\u201d rend\u00e9sz utasai a Balaton part menti rock koncerteket keresik fel \u00e9s a \u201ecs\u00e1pol\u00e1sok\u201d ut\u00e1n mozg\u00f3 sz\u00e1llod\u00e1jukban nyugszanak le. Felv\u00e9teleink a Balaton d\u00e9li partj\u00e1n k\u00e9sz\u00fcltek a Kiliti rep\u00fcl\u0151t\u00e9ren, ahol egykori kolleg\u00e1ikat l\u00e1togatt\u00e1k meg. <strong>(ORFK l\u00e9gi felv\u00e9tele \/ H.Szab\u00f3 S\u00e1ndor)<\/strong><\/em><\/p>\n","protected":false},"excerpt":{"rendered":"","protected":false},"author":3,"featured_media":0,"comment_status":"open","ping_status":"open","sticky":false,"template":"","format":"standard","meta":{"_monsterinsights_skip_tracking":false,"_monsterinsights_sitenote_active":false,"_monsterinsights_sitenote_note":"","_monsterinsights_sitenote_category":0,"ngg_post_thumbnail":0,"footnotes":""},"categories":[5],"tags":[],"class_list":["post-16572","post","type-post","status-publish","format-standard","hentry","category-foto"],"_links":{"self":[{"href":"https:\/\/ujkafe.website\/index.php?rest_route=\/wp\/v2\/posts\/16572","targetHints":{"allow":["GET"]}}],"collection":[{"href":"https:\/\/ujkafe.website\/index.php?rest_route=\/wp\/v2\/posts"}],"about":[{"href":"https:\/\/ujkafe.website\/index.php?rest_route=\/wp\/v2\/types\/post"}],"author":[{"embeddable":true,"href":"https:\/\/ujkafe.website\/index.php?rest_route=\/wp\/v2\/users\/3"}],"replies":[{"embeddable":true,"href":"https:\/\/ujkafe.website\/index.php?rest_route=%2Fwp%2Fv2%2Fcomments&post=16572"}],"version-history":[{"count":0,"href":"https:\/\/ujkafe.website\/index.php?rest_route=\/wp\/v2\/posts\/16572\/revisions"}],"wp:attachment":[{"href":"https:\/\/ujkafe.website\/index.php?rest_route=%2Fwp%2Fv2%2Fmedia&parent=16572"}],"wp:term":[{"taxonomy":"category","embeddable":true,"href":"https:\/\/ujkafe.website\/index.php?rest_route=%2Fwp%2Fv2%2Fcategories&post=16572"},{"taxonomy":"post_tag","embeddable":true,"href":"https:\/\/ujkafe.website\/index.php?rest_route=%2Fwp%2Fv2%2Ftags&post=16572"}],"curies":[{"name":"wp","href":"https:\/\/api.w.org\/{rel}","templated":true}]}}