
{"id":16940,"date":"2012-08-12T06:18:54","date_gmt":"2012-08-12T06:18:54","guid":{"rendered":"https:\/\/ujkafe.website\/?p=16940"},"modified":"2012-08-12T06:18:54","modified_gmt":"2012-08-12T06:18:54","slug":"h-szabo-sandor-orfk-denever-emberek-versenye-kilitin","status":"publish","type":"post","link":"https:\/\/ujkafe.website\/?p=16940","title":{"rendered":"H. Szab\u00f3 S\u00e1ndor-ORFK: Denev\u00e9r-emberek versenye Kilitin"},"content":{"rendered":"<p><a href=\"https:\/\/ujkafe.website\/wp-content\/uploads\/2012\/08\/Deneverv-emberek-versenye-Kilitin.jpg\"><img loading=\"lazy\" decoding=\"async\" class=\"alignnone  wp-image-16941\" title=\"Deneverv emberek versenye Kilitin\" src=\"https:\/\/ujkafe.website\/wp-content\/uploads\/2012\/08\/Deneverv-emberek-versenye-Kilitin.jpg\" alt=\"\" width=\"633\" height=\"411\" srcset=\"https:\/\/ujkafe.website\/wp-content\/uploads\/2012\/08\/Deneverv-emberek-versenye-Kilitin.jpg 904w, https:\/\/ujkafe.website\/wp-content\/uploads\/2012\/08\/Deneverv-emberek-versenye-Kilitin-300x194.jpg 300w\" sizes=\"auto, (max-width: 633px) 100vw, 633px\" \/><\/a><\/p>\n<p><em>A Balaton d\u00e9li partj\u00e1n, a vil\u00e1gsz\u00ednvonal\u00fa Kiliti Rep\u00fcl\u0151t\u00e9r a helysz\u00edne &#8211; augusztus 8-19 k\u00f6z\u00f6tt &#8211; a 2012-es Nemzetk\u00f6zi Sz\u00e1rnyasruha Fesztiv\u00e1lnak \u00e9s Magyar Bajnoks\u00e1gnak. A 11 napon \u00e1t tart\u00f3 \u201e\u00e9gi viadalon\u201d 20 orsz\u00e1gb\u00f3l t\u00f6bb mint f\u00e9lsz\u00e1z indul\u00f3 vesz r\u00e9szt. A verseny c\u00e9lja, hogy kider\u00fclj\u00f6n: MI-8-as helikopterb\u0151l, 4000 m\u00e9ter magass\u00e1gon kiugorva, \u00a0egy bizonyos magass\u00e1gveszt\u00e9s alatt ki rep\u00fcl a legt\u00e1volabb v\u00edzszintesen, azaz ki \u00e9ri el a legjobb sikl\u00f3sz\u00e1mot szabades\u00e9s k\u00f6zben, GPS adatokkal igazolva.<\/em><\/p>\n","protected":false},"excerpt":{"rendered":"<p>A Balaton d\u00e9li partj\u00e1n, a vil\u00e1gsz\u00ednvonal\u00fa Kiliti Rep\u00fcl\u0151t\u00e9r a helysz\u00edne &#8211; augusztus 8-19 k\u00f6z\u00f6tt &#8211; a 2012-es Nemzetk\u00f6zi Sz\u00e1rnyasruha Fesztiv\u00e1lnak \u00e9s Magyar Bajnoks\u00e1gnak. A 11 napon \u00e1t tart\u00f3 \u201e\u00e9gi viadalon\u201d 20 orsz\u00e1gb\u00f3l t\u00f6bb mint f\u00e9lsz\u00e1z indul\u00f3 vesz r\u00e9szt. A verseny c\u00e9lja, hogy kider\u00fclj\u00f6n: MI-8-as helikopterb\u0151l, 4000 m\u00e9ter magass\u00e1gon kiugorva, \u00a0egy bizonyos magass\u00e1gveszt\u00e9s alatt ki rep\u00fcl [&hellip;]<\/p>\n","protected":false},"author":3,"featured_media":0,"comment_status":"open","ping_status":"open","sticky":false,"template":"","format":"standard","meta":{"_monsterinsights_skip_tracking":false,"_monsterinsights_sitenote_active":false,"_monsterinsights_sitenote_note":"","_monsterinsights_sitenote_category":0,"ngg_post_thumbnail":0,"footnotes":""},"categories":[5],"tags":[],"class_list":["post-16940","post","type-post","status-publish","format-standard","hentry","category-foto"],"_links":{"self":[{"href":"https:\/\/ujkafe.website\/index.php?rest_route=\/wp\/v2\/posts\/16940","targetHints":{"allow":["GET"]}}],"collection":[{"href":"https:\/\/ujkafe.website\/index.php?rest_route=\/wp\/v2\/posts"}],"about":[{"href":"https:\/\/ujkafe.website\/index.php?rest_route=\/wp\/v2\/types\/post"}],"author":[{"embeddable":true,"href":"https:\/\/ujkafe.website\/index.php?rest_route=\/wp\/v2\/users\/3"}],"replies":[{"embeddable":true,"href":"https:\/\/ujkafe.website\/index.php?rest_route=%2Fwp%2Fv2%2Fcomments&post=16940"}],"version-history":[{"count":0,"href":"https:\/\/ujkafe.website\/index.php?rest_route=\/wp\/v2\/posts\/16940\/revisions"}],"wp:attachment":[{"href":"https:\/\/ujkafe.website\/index.php?rest_route=%2Fwp%2Fv2%2Fmedia&parent=16940"}],"wp:term":[{"taxonomy":"category","embeddable":true,"href":"https:\/\/ujkafe.website\/index.php?rest_route=%2Fwp%2Fv2%2Fcategories&post=16940"},{"taxonomy":"post_tag","embeddable":true,"href":"https:\/\/ujkafe.website\/index.php?rest_route=%2Fwp%2Fv2%2Ftags&post=16940"}],"curies":[{"name":"wp","href":"https:\/\/api.w.org\/{rel}","templated":true}]}}