
{"id":17199,"date":"2012-08-22T05:47:57","date_gmt":"2012-08-22T05:47:57","guid":{"rendered":"https:\/\/ujkafe.website\/?p=17199"},"modified":"2012-08-22T05:47:57","modified_gmt":"2012-08-22T05:47:57","slug":"korniss-peter-kiallitas-szeken","status":"publish","type":"post","link":"https:\/\/ujkafe.website\/?p=17199","title":{"rendered":"Korniss P\u00e9ter ki\u00e1ll\u00edt\u00e1s Sz\u00e9ken"},"content":{"rendered":"<div id=\"attachment_17204\" style=\"width: 640px\" class=\"wp-caption alignnone\"><a href=\"https:\/\/ujkafe.website\/wp-content\/uploads\/2012\/08\/Korniss-P\u00e9ter-Sz\u00e9ken.jpg\"><img loading=\"lazy\" decoding=\"async\" aria-describedby=\"caption-attachment-17204\" class=\" wp-image-17204 \" title=\"Korniss P\u00e9ter Sz\u00e9ken\" src=\"https:\/\/ujkafe.website\/wp-content\/uploads\/2012\/08\/Korniss-P\u00e9ter-Sz\u00e9ken.jpg\" alt=\"\" width=\"630\" height=\"435\" srcset=\"https:\/\/ujkafe.website\/wp-content\/uploads\/2012\/08\/Korniss-P\u00e9ter-Sz\u00e9ken.jpg 900w, https:\/\/ujkafe.website\/wp-content\/uploads\/2012\/08\/Korniss-P\u00e9ter-Sz\u00e9ken-300x207.jpg 300w\" sizes=\"auto, (max-width: 630px) 100vw, 630px\" \/><\/a><p id=\"caption-attachment-17204\" class=\"wp-caption-text\">2012. augusztus 25-\u00e9n, szombaton az \u00fajj\u00e1\u00e9p\u00edtett forr\u00f3szegi T\u00e1nch\u00e1z felavat\u00e1sa alkalm\u00e1val sor ker\u00fcl Korniss P\u00e9ter fot\u00f3m\u0171v\u00e9sz \u00e1lland\u00f3 ki\u00e1ll\u00edt\u00e1s\u00e1nak megnyit\u00e1s\u00e1ra is, az alkot\u00f3 jelenl\u00e9t\u00e9ben. \/ Fot\u00f3 Korniss P\u00e9ter<\/p><\/div>\n","protected":false},"excerpt":{"rendered":"","protected":false},"author":3,"featured_media":0,"comment_status":"open","ping_status":"open","sticky":false,"template":"","format":"standard","meta":{"_monsterinsights_skip_tracking":false,"_monsterinsights_sitenote_active":false,"_monsterinsights_sitenote_note":"","_monsterinsights_sitenote_category":0,"ngg_post_thumbnail":0,"footnotes":""},"categories":[5],"tags":[],"class_list":["post-17199","post","type-post","status-publish","format-standard","hentry","category-foto"],"_links":{"self":[{"href":"https:\/\/ujkafe.website\/index.php?rest_route=\/wp\/v2\/posts\/17199","targetHints":{"allow":["GET"]}}],"collection":[{"href":"https:\/\/ujkafe.website\/index.php?rest_route=\/wp\/v2\/posts"}],"about":[{"href":"https:\/\/ujkafe.website\/index.php?rest_route=\/wp\/v2\/types\/post"}],"author":[{"embeddable":true,"href":"https:\/\/ujkafe.website\/index.php?rest_route=\/wp\/v2\/users\/3"}],"replies":[{"embeddable":true,"href":"https:\/\/ujkafe.website\/index.php?rest_route=%2Fwp%2Fv2%2Fcomments&post=17199"}],"version-history":[{"count":0,"href":"https:\/\/ujkafe.website\/index.php?rest_route=\/wp\/v2\/posts\/17199\/revisions"}],"wp:attachment":[{"href":"https:\/\/ujkafe.website\/index.php?rest_route=%2Fwp%2Fv2%2Fmedia&parent=17199"}],"wp:term":[{"taxonomy":"category","embeddable":true,"href":"https:\/\/ujkafe.website\/index.php?rest_route=%2Fwp%2Fv2%2Fcategories&post=17199"},{"taxonomy":"post_tag","embeddable":true,"href":"https:\/\/ujkafe.website\/index.php?rest_route=%2Fwp%2Fv2%2Ftags&post=17199"}],"curies":[{"name":"wp","href":"https:\/\/api.w.org\/{rel}","templated":true}]}}