
{"id":1731,"date":"2010-06-26T08:28:07","date_gmt":"2010-06-26T08:28:07","guid":{"rendered":"https:\/\/ujkafe.website\/?p=1731"},"modified":"2010-06-26T12:27:43","modified_gmt":"2010-06-26T12:27:43","slug":"hogyan-mondjam-el","status":"publish","type":"post","link":"https:\/\/ujkafe.website\/?p=1731","title":{"rendered":"Hogyan mondjam el"},"content":{"rendered":"<p>http:\/\/www.youtube.com\/watch?v=oSxnO-3wx2U&#038;feature=related<\/p>\n<p><em>\u00c9nekel B\u00edr\u00f3 Eszter \u00e9s Miller Zolt\u00e1n<\/em><\/p>\n<p>D\u00e9ry Tibor \u2013 P\u00f3s S\u00e1ndor\u2013 Presser G\u00e1bor \u2013 Adamis Anna:<br \/>\n<strong>K\u00e9pzelt riport egy amerikai popfesztiv\u00e1lr\u00f3l<\/strong><\/p>\n<p>Az els\u0151 magyar musical D\u00e9ry Tibor legend\u00e1s reg\u00e9ny\u00e9b\u0151l Presser G\u00e1bor zen\u00e9j\u00e9vel k\u00e9sz\u00fclt. <!--more-->Az imm\u00e1r klasszikus rockmusical az Orfeusz- mot\u00edvumra \u00e9p\u00fcl: a szerelmes f\u00e9rfi \/J\u00f3zsef\/ al\u00e1sz\u00e1ll az \u201ealvil\u00e1gba\u201d elragadott kedvese \/Eszter\/ megkeres\u00e9s\u00e9re. A D\u00e9ry Tibor \u00e1ltal meg\u00edrt pokol az elh\u00edres\u00fclt altamonti fesztiv\u00e1l, ahol a Rolling Stones egy\u00fcttes koncertj\u00e9n egy n\u00e9ger fi\u00fat meggyilkoltak a f\u00e9kevesztett hangulatban.<br \/>\nEz a dr\u00e1mai alaphelyzet alkalmat ad az \u00edr\u00f3nak arra, hogy ny\u00edltan, megr\u00e1z\u00f3an sz\u00f3ljon terrorr\u00f3l, kirekesztetts\u00e9gr\u0151l, etnikai \u00e9s szexu\u00e1lis m\u00e1ss\u00e1gokr\u00f3l, felemelje szav\u00e1t a k\u00e1b\u00edt\u00f3szer ellen, d\u00f6bbenetes er\u0151vel fogalmazza meg egy \u00e9rt\u00e9kvesztett vil\u00e1gban \u00fatj\u00e1t keres\u0151 fiatals\u00e1g mag\u00e1ny\u00e1t, k\u00e9ts\u00e9gbeesetts\u00e9g\u00e9t, tisztas\u00e1g ir\u00e1nti v\u00e1gy\u00e1t.<br \/>\nPresser G\u00e1bor imm\u00e1r sl\u00e1gerr\u00e9 v\u00e1lt dalai minden koroszt\u00e1ly sz\u00e1m\u00e1ra meghat\u00e1roz\u00f3ak.<br \/>\n<strong>(2010. j\u00falius 3., szombat &#8211; Budapesti Ny\u00e1ri Fesztiv\u00e1l, V\u00e1rosmajori Szabadt\u00e9ri Sz\u00ednpad, 20.00 \u00f3ra)<\/strong><\/p>\n<p><em>Presser G\u00e1bor (zene), Adamis Anna (sz\u00f6veg):<\/em><\/p>\n<p><strong>Vinn\u00e9lek, vinn\u00e9lek<\/strong><\/p>\n<p>Vinn\u00e9lek, vinn\u00e9lek,<br \/>\ncsak tudn\u00e1m, merre vinn\u00e9lek,<br \/>\nelmenn\u00e9k, elmenn\u00e9k,<br \/>\ncsak tudn\u00e1m, merre mehetn\u00e9k,<\/p>\n<p>hogyan mondjam el neked, amit nem lehet,<br \/>\nmert sz\u00f3 az nincs, csak k\u00e9pzelet&#8230;<\/p>\n<p>Volt egy f\u00f6ld, messze \u00e9g,<br \/>\nelnyelte m\u00e1r a messzes\u00e9g,<br \/>\nismer\u0151s volt nagyon,<br \/>\nde lehet, hogy csak gondolom,<\/p>\n<p>hogyan mondjam el neked, amit nem lehet,<br \/>\nmert sz\u00f3 az nincs, csak k\u00e9pzelet&#8230;<\/p>\n<p>Vinn\u00e9lek, j\u00f3l tudod,<br \/>\nde nem tudod, nem is v\u00e1llalod,<br \/>\ninduln\u00e9k, induln\u00e9k,<br \/>\nha egy utat, csak egyet tudhatn\u00e9k,<\/p>\n<p>hogyan mondjam el neked, amit nem lehet,<br \/>\nmert sz\u00f3 az nincs, csak k\u00e9pzelet&#8230;<br \/>\nHogyan mondjam el neked, amit nem lehet,<br \/>\nhogy &#8222;N\u00e9lk\u00fcle&#8221; \u00e9lni nem lehet.<\/p>\n","protected":false},"excerpt":{"rendered":"<p>http:\/\/www.youtube.com\/watch?v=oSxnO-3wx2U&#038;feature=related \u00c9nekel B\u00edr\u00f3 Eszter \u00e9s Miller Zolt\u00e1n D\u00e9ry Tibor \u2013 P\u00f3s S\u00e1ndor\u2013 Presser G\u00e1bor \u2013 Adamis Anna: K\u00e9pzelt riport egy amerikai popfesztiv\u00e1lr\u00f3l Az els\u0151 magyar musical D\u00e9ry Tibor legend\u00e1s reg\u00e9ny\u00e9b\u0151l Presser G\u00e1bor zen\u00e9j\u00e9vel k\u00e9sz\u00fclt.<\/p>\n","protected":false},"author":2,"featured_media":0,"comment_status":"open","ping_status":"open","sticky":false,"template":"","format":"standard","meta":{"_monsterinsights_skip_tracking":false,"_monsterinsights_sitenote_active":false,"_monsterinsights_sitenote_note":"","_monsterinsights_sitenote_category":0,"ngg_post_thumbnail":0,"footnotes":""},"categories":[28],"tags":[],"class_list":["post-1731","post","type-post","status-publish","format-standard","hentry","category-dal"],"_links":{"self":[{"href":"https:\/\/ujkafe.website\/index.php?rest_route=\/wp\/v2\/posts\/1731","targetHints":{"allow":["GET"]}}],"collection":[{"href":"https:\/\/ujkafe.website\/index.php?rest_route=\/wp\/v2\/posts"}],"about":[{"href":"https:\/\/ujkafe.website\/index.php?rest_route=\/wp\/v2\/types\/post"}],"author":[{"embeddable":true,"href":"https:\/\/ujkafe.website\/index.php?rest_route=\/wp\/v2\/users\/2"}],"replies":[{"embeddable":true,"href":"https:\/\/ujkafe.website\/index.php?rest_route=%2Fwp%2Fv2%2Fcomments&post=1731"}],"version-history":[{"count":0,"href":"https:\/\/ujkafe.website\/index.php?rest_route=\/wp\/v2\/posts\/1731\/revisions"}],"wp:attachment":[{"href":"https:\/\/ujkafe.website\/index.php?rest_route=%2Fwp%2Fv2%2Fmedia&parent=1731"}],"wp:term":[{"taxonomy":"category","embeddable":true,"href":"https:\/\/ujkafe.website\/index.php?rest_route=%2Fwp%2Fv2%2Fcategories&post=1731"},{"taxonomy":"post_tag","embeddable":true,"href":"https:\/\/ujkafe.website\/index.php?rest_route=%2Fwp%2Fv2%2Ftags&post=1731"}],"curies":[{"name":"wp","href":"https:\/\/api.w.org\/{rel}","templated":true}]}}