
{"id":19555,"date":"2012-12-16T07:47:01","date_gmt":"2012-12-16T07:47:01","guid":{"rendered":"https:\/\/ujkafe.website\/?p=19555"},"modified":"2012-12-16T07:47:01","modified_gmt":"2012-12-16T07:47:01","slug":"foto-es-vers-1","status":"publish","type":"post","link":"https:\/\/ujkafe.website\/?p=19555","title":{"rendered":"Fot\u00f3 \u00e9s vers (1)"},"content":{"rendered":"<p><a href=\"https:\/\/ujkafe.website\/wp-content\/uploads\/2012\/12\/kanyadi+farkas.jpg\"><img loading=\"lazy\" decoding=\"async\" class=\"alignnone  wp-image-19560\" title=\"kanyadi+farkas\" src=\"https:\/\/ujkafe.website\/wp-content\/uploads\/2012\/12\/kanyadi+farkas.jpg\" alt=\"\" width=\"621\" height=\"429\" srcset=\"https:\/\/ujkafe.website\/wp-content\/uploads\/2012\/12\/kanyadi+farkas.jpg 887w, https:\/\/ujkafe.website\/wp-content\/uploads\/2012\/12\/kanyadi+farkas-300x207.jpg 300w\" sizes=\"auto, (max-width: 621px) 100vw, 621px\" \/><\/a><\/p>\n<p><em>Valamikor, a kilencvenes \u00e9vek elej\u00e9n K\u00e1ny\u00e1di S\u00e1ndor \u00e9s Farkas \u00c1rp\u00e1d k\u00f6z\u00f6s \u00edr\u00f3-olvas\u00f3tal\u00e1lkoz\u00f3n j\u00e1rt Farkaslak\u00e1n. Az esem\u00e9ny ut\u00e1n, szakad\u00f3 es\u0151ben v\u00e1rt\u00e1k az aut\u00f3buszt, s v\u00e1rakoz\u00e1s k\u00f6zben Farkas a mellette \u00e1ll\u00f3 kisl\u00e1nynak sebt\u00e9ben k\u00f6nyvet is dedik\u00e1lt. Az esem\u00e9nyt lencsev\u00e9gre kapta az RMSZ akkori fot\u00f3sa, Sz\u00e9kely S\u00e1ndor. A dokumentum\u00e9rt\u00e9k\u0171 fot\u00f3khoz j\u00f3l illik most Farkas \u00c1rp\u00e1d K\u00e1ny\u00e1dinak aj\u00e1nlott verse&#8230;<\/em><!--more--><\/p>\n<p><span style=\"color: #993366;\"><strong>Farkas \u00c1rp\u00e1d: K\u00e1ny\u00e1di S\u00e1ndornak<\/strong><\/span><\/p>\n<p>A Nyik\u00f3 viz\u00e9n, K\u00fck\u00fcll\u0151n, Maroson \u00e9s Olton<br \/>\ndagaszt\u00f3tekn\u0151be \u00fclnek,<br \/>\nmos\u00f3tekn\u0151bs sz\u00e1llnak<br \/>\na gyermekek,<br \/>\ns egyik\u00fck eljut az \u00d3ce\u00e1nig.<\/p>\n<p>Fels\u00e9gvizeinken haj\u00f3k s\u00fcllyednek olykor,<br \/>\na patk\u00e1nyok hagyj\u00e1k el mindenekel\u0151tt<br \/>\na fed\u00e9lzetet.<\/p>\n<p>Nem vagyunk mi hejdehej-leg\u00e9nyek,<br \/>\nm\u00e1sodtisztek sem vagyunk,<br \/>\nnem vagyunk der\u00e9k kapit\u00e1nyok.<br \/>\nVoln\u00e1nk csak j\u00e1mbor heged\u0151s\u00f6k<br \/>\nk\u00f3r\u00e9muzsik\u00e1val,<br \/>\npici furuly\u00e1val,<br \/>\nszorong\u00f3 torokkal,<br \/>\nelk\u00e9k\u00fcl\u0151 sz\u00e1jjal,<br \/>\ng\u00f6rcsbe-r\u00e1ndultan is<br \/>\nf\u00fajjuk, ugye, B\u00e1ty\u00e1m,<br \/>\nv\u00e9gs\u0151 pillanatig,<br \/>\nmik\u00e9nt ama zenekar<br \/>\na Titanic<br \/>\nfed\u00e9lzet\u00e9n.<\/p>\n<p><em>(Forr\u00e1s: Farkas \u00c1rp\u00e1d &#8211; Alagutak a h\u00f3ban. Versek, Kriterion, 1981)<\/em><\/p>\n","protected":false},"excerpt":{"rendered":"<p>Valamikor, a kilencvenes \u00e9vek elej\u00e9n K\u00e1ny\u00e1di S\u00e1ndor \u00e9s Farkas \u00c1rp\u00e1d k\u00f6z\u00f6s \u00edr\u00f3-olvas\u00f3tal\u00e1lkoz\u00f3n j\u00e1rt Farkaslak\u00e1n. Az esem\u00e9ny ut\u00e1n, szakad\u00f3 es\u0151ben v\u00e1rt\u00e1k az aut\u00f3buszt, s v\u00e1rakoz\u00e1s k\u00f6zben Farkas a mellette \u00e1ll\u00f3 kisl\u00e1nynak sebt\u00e9ben k\u00f6nyvet is dedik\u00e1lt. Az esem\u00e9nyt lencsev\u00e9gre kapta az RMSZ akkori fot\u00f3sa, Sz\u00e9kely S\u00e1ndor. A dokumentum\u00e9rt\u00e9k\u0171 fot\u00f3khoz j\u00f3l illik most Farkas \u00c1rp\u00e1d K\u00e1ny\u00e1dinak aj\u00e1nlott verse&#8230;<\/p>\n","protected":false},"author":3,"featured_media":0,"comment_status":"open","ping_status":"open","sticky":false,"template":"","format":"standard","meta":{"_monsterinsights_skip_tracking":false,"_monsterinsights_sitenote_active":false,"_monsterinsights_sitenote_note":"","_monsterinsights_sitenote_category":0,"ngg_post_thumbnail":0,"footnotes":""},"categories":[5,4],"tags":[],"class_list":["post-19555","post","type-post","status-publish","format-standard","hentry","category-foto","category-vers"],"_links":{"self":[{"href":"https:\/\/ujkafe.website\/index.php?rest_route=\/wp\/v2\/posts\/19555","targetHints":{"allow":["GET"]}}],"collection":[{"href":"https:\/\/ujkafe.website\/index.php?rest_route=\/wp\/v2\/posts"}],"about":[{"href":"https:\/\/ujkafe.website\/index.php?rest_route=\/wp\/v2\/types\/post"}],"author":[{"embeddable":true,"href":"https:\/\/ujkafe.website\/index.php?rest_route=\/wp\/v2\/users\/3"}],"replies":[{"embeddable":true,"href":"https:\/\/ujkafe.website\/index.php?rest_route=%2Fwp%2Fv2%2Fcomments&post=19555"}],"version-history":[{"count":0,"href":"https:\/\/ujkafe.website\/index.php?rest_route=\/wp\/v2\/posts\/19555\/revisions"}],"wp:attachment":[{"href":"https:\/\/ujkafe.website\/index.php?rest_route=%2Fwp%2Fv2%2Fmedia&parent=19555"}],"wp:term":[{"taxonomy":"category","embeddable":true,"href":"https:\/\/ujkafe.website\/index.php?rest_route=%2Fwp%2Fv2%2Fcategories&post=19555"},{"taxonomy":"post_tag","embeddable":true,"href":"https:\/\/ujkafe.website\/index.php?rest_route=%2Fwp%2Fv2%2Ftags&post=19555"}],"curies":[{"name":"wp","href":"https:\/\/api.w.org\/{rel}","templated":true}]}}