
{"id":20532,"date":"2013-01-30T15:46:03","date_gmt":"2013-01-30T15:46:03","guid":{"rendered":"https:\/\/ujkafe.website\/?p=20532"},"modified":"2013-01-30T15:46:03","modified_gmt":"2013-01-30T15:46:03","slug":"h-szabo-sandor-orfk-totagast-allo-hoember","status":"publish","type":"post","link":"https:\/\/ujkafe.website\/?p=20532","title":{"rendered":"H. Szab\u00f3 S\u00e1ndor-ORFK: T\u00f3t\u00e1gast \u00e1ll\u00f3 h\u00f3ember"},"content":{"rendered":"<div id=\"attachment_20534\" style=\"width: 552px\" class=\"wp-caption alignnone\"><img loading=\"lazy\" decoding=\"async\" aria-describedby=\"caption-attachment-20534\" class=\" wp-image-20534\" alt=\"5 Godollon a hoember is fejen all2\" src=\"https:\/\/ujkafe.website\/wp-content\/uploads\/2013\/01\/5-Godollon-a-hoember-is-fejen-all2.jpg\" width=\"542\" height=\"524\" srcset=\"https:\/\/ujkafe.website\/wp-content\/uploads\/2013\/01\/5-Godollon-a-hoember-is-fejen-all2.jpg 904w, https:\/\/ujkafe.website\/wp-content\/uploads\/2013\/01\/5-Godollon-a-hoember-is-fejen-all2-300x289.jpg 300w\" sizes=\"auto, (max-width: 542px) 100vw, 542px\" \/><p id=\"caption-attachment-20534\" class=\"wp-caption-text\">G\u00f6d\u00f6ll\u0151n, a dombon l\u00e9v\u0151 a \u201eBlahai\u201d r\u00e9szen az egyik csal\u00e1di h\u00e1z udvar\u00e1n, k\u00fcl\u00f6n\u00f6s h\u00f3ember h\u00f6kkenti meg az arra j\u00e1r\u00f3kat. Alkot\u00f3ja G\u00e1ll Csaba, a magyar feln\u0151tt kardv\u00edv\u00f3 v\u00e1logatott keret tagja. Farsang k\u00f6zeledt\u00e9vel \u00edgy lepte meg bar\u00e1tn\u0151j\u00e9t Kozma Korin\u00e1t a t\u00e9l b\u00facs\u00faztat\u00e1sa el\u0151tt, rem\u00e9lve, hogy alkot\u00e1sa a k\u00f6zelj\u00f6v\u0151ben &#8211; ha az id\u0151j\u00e1r\u00e1s kegyes lesz &#8211; a fej\u00e9t\u0151l m\u00e1r hamarosan olvadni kezd. Egyel\u0151re m\u00e9g nincs r\u00e1 es\u00e9ly arra, hogy ez bek\u00f6vetkezzen, hiszen a szomsz\u00e9dban lak\u00f3 nyugd\u00edjas l\u00e9girend\u00e9sz, Tunyogi \u201eTappancs\u201d macsk\u00e1ja, csak most kedvelte meg. Hideg bar\u00e1tja has\u00e1n s\u00fctk\u00e9rezik, szeml\u00e9li a t\u00e1jat, netal\u00e1n az elt\u00e9vedt egereket, a t\u00e9li naps\u00fct\u00e9sben. Az apa P\u00e9ter , hogy gy\u00f6ny\u00f6rk\u00f6dhessen fia m\u0171v\u00e9be, fejre kell \u00e1llnia. \u00cdgy mint mondja, m\u00e1sk\u00e9po l\u00e1tja a vil\u00e1got.<\/p><\/div>\n","protected":false},"excerpt":{"rendered":"","protected":false},"author":3,"featured_media":0,"comment_status":"open","ping_status":"open","sticky":false,"template":"","format":"standard","meta":{"_monsterinsights_skip_tracking":false,"_monsterinsights_sitenote_active":false,"_monsterinsights_sitenote_note":"","_monsterinsights_sitenote_category":0,"ngg_post_thumbnail":0,"footnotes":""},"categories":[5],"tags":[],"class_list":["post-20532","post","type-post","status-publish","format-standard","hentry","category-foto"],"_links":{"self":[{"href":"https:\/\/ujkafe.website\/index.php?rest_route=\/wp\/v2\/posts\/20532","targetHints":{"allow":["GET"]}}],"collection":[{"href":"https:\/\/ujkafe.website\/index.php?rest_route=\/wp\/v2\/posts"}],"about":[{"href":"https:\/\/ujkafe.website\/index.php?rest_route=\/wp\/v2\/types\/post"}],"author":[{"embeddable":true,"href":"https:\/\/ujkafe.website\/index.php?rest_route=\/wp\/v2\/users\/3"}],"replies":[{"embeddable":true,"href":"https:\/\/ujkafe.website\/index.php?rest_route=%2Fwp%2Fv2%2Fcomments&post=20532"}],"version-history":[{"count":0,"href":"https:\/\/ujkafe.website\/index.php?rest_route=\/wp\/v2\/posts\/20532\/revisions"}],"wp:attachment":[{"href":"https:\/\/ujkafe.website\/index.php?rest_route=%2Fwp%2Fv2%2Fmedia&parent=20532"}],"wp:term":[{"taxonomy":"category","embeddable":true,"href":"https:\/\/ujkafe.website\/index.php?rest_route=%2Fwp%2Fv2%2Fcategories&post=20532"},{"taxonomy":"post_tag","embeddable":true,"href":"https:\/\/ujkafe.website\/index.php?rest_route=%2Fwp%2Fv2%2Ftags&post=20532"}],"curies":[{"name":"wp","href":"https:\/\/api.w.org\/{rel}","templated":true}]}}