
{"id":20732,"date":"2013-02-12T18:51:39","date_gmt":"2013-02-12T18:51:39","guid":{"rendered":"https:\/\/ujkafe.website\/?p=20732"},"modified":"2013-02-12T18:52:53","modified_gmt":"2013-02-12T18:52:53","slug":"allati","status":"publish","type":"post","link":"https:\/\/ujkafe.website\/?p=20732","title":{"rendered":"\u00c1llati"},"content":{"rendered":"<div id=\"attachment_20739\" style=\"width: 430px\" class=\"wp-caption alignnone\"><img loading=\"lazy\" decoding=\"async\" aria-describedby=\"caption-attachment-20739\" class=\" wp-image-20739\" alt=\"fototanu_6\" src=\"https:\/\/ujkafe.website\/wp-content\/uploads\/2013\/02\/fototanu_6.jpg\" width=\"420\" height=\"631\" srcset=\"https:\/\/ujkafe.website\/wp-content\/uploads\/2013\/02\/fototanu_6.jpg 600w, https:\/\/ujkafe.website\/wp-content\/uploads\/2013\/02\/fototanu_6-199x300.jpg 199w\" sizes=\"auto, (max-width: 420px) 100vw, 420px\" \/><p id=\"caption-attachment-20739\" class=\"wp-caption-text\">Fot\u00f3: Sz\u00e9kely S\u00e1ndor<\/p><\/div>\n<p>Ez a majomk\u00f6ly\u00f6k a Somostet\u0151n, a marosv\u00e1s\u00e1rhelyi \u00e1llatkertben \u00e9lt a nyolcvanas \u00e9vek derek\u00e1n, amikor a felv\u00e9tel k\u00e9sz\u00edt\u0151je, az El\u0151re fot\u00f3riportere, Sz\u00e9kely S\u00e1ndor eg\u00e9sz k\u00e9psorozatot gy\u0171jt\u00f6tt be az \u00e1llatkert lak\u00f3ir\u00f3l.<!--more--><\/p>\n<p>Ki tudja, \u00e9l-e m\u00e9g egy\u00e1ltal\u00e1n az akkor gyermeteg j\u00f3sz\u00e1g \u00e9s hol van j\u00f3s\u00e1gos, szel\u00edd gondoz\u00f3ja? Sz\u00fcl\u0151 \u00e9s gyermeke \u00e1llnak \u00edgy a lencse el\u00e9, ekkora bizalommal \u00e9s cs\u00fcggeszked\u00e9ssel.<\/p>\n<p>A kismajom meg\u00f6r\u00f6k\u00edtett retteg\u00e9se m\u00e1ig nyugtalan\u00edt\u00f3 \u00e9lm\u00e9nyem. Mintha a gyermekkorom \u00fczenne vissza.<\/p>\n<p style=\"text-align: right;\"><em><strong>Cseke G\u00e1bor<\/strong><\/em><\/p>\n<p>(Forr\u00e1s: <a href=\"http:\/\/fototanu.blogspot.ro\"><em>fot\u00f3tan\u00fa<\/em><\/a>)<\/p>\n","protected":false},"excerpt":{"rendered":"<p>Ez a majomk\u00f6ly\u00f6k a Somostet\u0151n, a marosv\u00e1s\u00e1rhelyi \u00e1llatkertben \u00e9lt a nyolcvanas \u00e9vek derek\u00e1n, amikor a felv\u00e9tel k\u00e9sz\u00edt\u0151je, az El\u0151re fot\u00f3riportere, Sz\u00e9kely S\u00e1ndor eg\u00e9sz k\u00e9psorozatot gy\u0171jt\u00f6tt be az \u00e1llatkert lak\u00f3ir\u00f3l.<\/p>\n","protected":false},"author":3,"featured_media":0,"comment_status":"open","ping_status":"open","sticky":false,"template":"","format":"standard","meta":{"_monsterinsights_skip_tracking":false,"_monsterinsights_sitenote_active":false,"_monsterinsights_sitenote_note":"","_monsterinsights_sitenote_category":0,"ngg_post_thumbnail":0,"footnotes":""},"categories":[5],"tags":[],"class_list":["post-20732","post","type-post","status-publish","format-standard","hentry","category-foto"],"_links":{"self":[{"href":"https:\/\/ujkafe.website\/index.php?rest_route=\/wp\/v2\/posts\/20732","targetHints":{"allow":["GET"]}}],"collection":[{"href":"https:\/\/ujkafe.website\/index.php?rest_route=\/wp\/v2\/posts"}],"about":[{"href":"https:\/\/ujkafe.website\/index.php?rest_route=\/wp\/v2\/types\/post"}],"author":[{"embeddable":true,"href":"https:\/\/ujkafe.website\/index.php?rest_route=\/wp\/v2\/users\/3"}],"replies":[{"embeddable":true,"href":"https:\/\/ujkafe.website\/index.php?rest_route=%2Fwp%2Fv2%2Fcomments&post=20732"}],"version-history":[{"count":0,"href":"https:\/\/ujkafe.website\/index.php?rest_route=\/wp\/v2\/posts\/20732\/revisions"}],"wp:attachment":[{"href":"https:\/\/ujkafe.website\/index.php?rest_route=%2Fwp%2Fv2%2Fmedia&parent=20732"}],"wp:term":[{"taxonomy":"category","embeddable":true,"href":"https:\/\/ujkafe.website\/index.php?rest_route=%2Fwp%2Fv2%2Fcategories&post=20732"},{"taxonomy":"post_tag","embeddable":true,"href":"https:\/\/ujkafe.website\/index.php?rest_route=%2Fwp%2Fv2%2Ftags&post=20732"}],"curies":[{"name":"wp","href":"https:\/\/api.w.org\/{rel}","templated":true}]}}