
{"id":20754,"date":"2013-02-13T06:36:36","date_gmt":"2013-02-13T06:36:36","guid":{"rendered":"https:\/\/ujkafe.website\/?p=20754"},"modified":"2013-02-13T06:38:53","modified_gmt":"2013-02-13T06:38:53","slug":"banyato","status":"publish","type":"post","link":"https:\/\/ujkafe.website\/?p=20754","title":{"rendered":"B\u00e1nyat\u00f3"},"content":{"rendered":"<div id=\"attachment_20760\" style=\"width: 624px\" class=\"wp-caption alignnone\"><img loading=\"lazy\" decoding=\"async\" aria-describedby=\"caption-attachment-20760\" class=\" wp-image-20760\" alt=\"fototanu_8\" src=\"https:\/\/ujkafe.website\/wp-content\/uploads\/2013\/02\/fototanu_8.jpg\" width=\"614\" height=\"431\" srcset=\"https:\/\/ujkafe.website\/wp-content\/uploads\/2013\/02\/fototanu_8.jpg 1024w, https:\/\/ujkafe.website\/wp-content\/uploads\/2013\/02\/fototanu_8-300x210.jpg 300w\" sizes=\"auto, (max-width: 614px) 100vw, 614px\" \/><p id=\"caption-attachment-20760\" class=\"wp-caption-text\">Fot\u00f3 dr. Balogh Ern\u0151<\/p><\/div>\n<p>R\u00e9gi, pomp\u00e1z\u00f3 fot\u00f3 ez, k\u00e9sz\u00edt\u0151je<strong> dr. Balogh Ern\u0151<\/strong> n\u00e9hai geol\u00f3gus. 1882-ben sz\u00fcletett a Bihar megyei Erd\u0151hegyen, K\u00f6r\u00f6skisjen\u0151 k\u00f6zs\u00e9gben, ahol n\u00e9gy fi\u00fa- \u00e9s k\u00e9t le\u00e1nytestv\u00e9r\u00e9vel egy egykori \u00e9rtelmis\u00e9gi csal\u00e1d szeret\u0151, de szigor\u00fa nevel\u00e9s\u00e9ben r\u00e9szes\u00fclt. <!--more-->Apjuk, Balogh J\u00f3zsef falusi tan\u00edt\u00f3k\u00e9nt egyengette gyerekei sors\u00e1t. Ern\u0151b\u0151l geol\u00f3gus, egyetemi tan\u00e1r lett, k\u00e9s\u0151bb a tud\u00f3s \u00e9let mellett \u00edr\u00f3, term\u00e9szetj\u00e1r\u00f3, fotogr\u00e1fus szenved\u00e9ly is megsz\u00e1llta. Vezette az Erd\u00e9lyi K\u00e1rp\u00e1t Egyes\u00fcletet \u00e9s az Erd\u00e9ly c. foly\u00f3irat f\u0151szerkeszt\u0151je volt. Felv\u00e9telei k\u00f6z\u00fcl (<a href=\"https:\/\/picasaweb.google.com\/gcseke\/BaloghErnFotK#\"><em>n\u00e9h\u00e1ny itt megtekinthet\u0151<\/em><\/a>) sok elkall\u00f3dott. El\u0151szeretettel dolgozott 13&#215;18-as \u00fcveglemezre. Unok\u00e1i \u00f6sszegy\u0171jt\u00f6tt\u00e9k el\u00e9rhet\u0151, 1928-1943 k\u00f6z\u00f6tt k\u00e9sz\u00fclt fot\u00f3s hagyat\u00e9k\u00e1t s v\u00e1ndorki\u00e1ll\u00edt\u00e1st rendeztek bel\u0151le Magyarorsz\u00e1gon \u00e9s Erd\u00e9lyben is. Az itt l\u00e1that\u00f3 aragonit b\u00e1nya Korond k\u00f6zel\u00e9ben, \u00c1rcs\u00f3n\u00e1l volt a k\u00e9t vil\u00e1gh\u00e1bor\u00fa k\u00f6z\u00f6tt. A k\u00e9pen szerepl\u0151 korondiak n\u00e9pviseletben \u00e1lltak a lencse el\u00e9. E megind\u00edt\u00f3 \u00e9letk\u00e9p mozdulatlans\u00e1g\u00e1val \u00e1tsug\u00e1roz az id\u0151n, el\u00e9rhetetlen\u00fcl, egy t\u00fals\u00f3 parton. Ahov\u00e1 mi csak n\u00e9zni tudunk&#8230;<\/p>\n<p style=\"text-align: right;\"><em><strong>Cseke G\u00e1bor<\/strong><\/em><\/p>\n<p>(Forr\u00e1s: <a href=\"http:\/\/fototanu.blogspot.ro\/\"><em>fot\u00f3tan\u00fa<\/em><\/a>)<\/p>\n","protected":false},"excerpt":{"rendered":"<p>R\u00e9gi, pomp\u00e1z\u00f3 fot\u00f3 ez, k\u00e9sz\u00edt\u0151je dr. Balogh Ern\u0151 n\u00e9hai geol\u00f3gus. 1882-ben sz\u00fcletett a Bihar megyei Erd\u0151hegyen, K\u00f6r\u00f6skisjen\u0151 k\u00f6zs\u00e9gben, ahol n\u00e9gy fi\u00fa- \u00e9s k\u00e9t le\u00e1nytestv\u00e9r\u00e9vel egy egykori \u00e9rtelmis\u00e9gi csal\u00e1d szeret\u0151, de szigor\u00fa nevel\u00e9s\u00e9ben r\u00e9szes\u00fclt.<\/p>\n","protected":false},"author":3,"featured_media":0,"comment_status":"open","ping_status":"open","sticky":false,"template":"","format":"standard","meta":{"_monsterinsights_skip_tracking":false,"_monsterinsights_sitenote_active":false,"_monsterinsights_sitenote_note":"","_monsterinsights_sitenote_category":0,"ngg_post_thumbnail":0,"footnotes":""},"categories":[5],"tags":[],"class_list":["post-20754","post","type-post","status-publish","format-standard","hentry","category-foto"],"_links":{"self":[{"href":"https:\/\/ujkafe.website\/index.php?rest_route=\/wp\/v2\/posts\/20754","targetHints":{"allow":["GET"]}}],"collection":[{"href":"https:\/\/ujkafe.website\/index.php?rest_route=\/wp\/v2\/posts"}],"about":[{"href":"https:\/\/ujkafe.website\/index.php?rest_route=\/wp\/v2\/types\/post"}],"author":[{"embeddable":true,"href":"https:\/\/ujkafe.website\/index.php?rest_route=\/wp\/v2\/users\/3"}],"replies":[{"embeddable":true,"href":"https:\/\/ujkafe.website\/index.php?rest_route=%2Fwp%2Fv2%2Fcomments&post=20754"}],"version-history":[{"count":0,"href":"https:\/\/ujkafe.website\/index.php?rest_route=\/wp\/v2\/posts\/20754\/revisions"}],"wp:attachment":[{"href":"https:\/\/ujkafe.website\/index.php?rest_route=%2Fwp%2Fv2%2Fmedia&parent=20754"}],"wp:term":[{"taxonomy":"category","embeddable":true,"href":"https:\/\/ujkafe.website\/index.php?rest_route=%2Fwp%2Fv2%2Fcategories&post=20754"},{"taxonomy":"post_tag","embeddable":true,"href":"https:\/\/ujkafe.website\/index.php?rest_route=%2Fwp%2Fv2%2Ftags&post=20754"}],"curies":[{"name":"wp","href":"https:\/\/api.w.org\/{rel}","templated":true}]}}