
{"id":20785,"date":"2013-02-14T06:34:07","date_gmt":"2013-02-14T06:34:07","guid":{"rendered":"https:\/\/ujkafe.website\/?p=20785"},"modified":"2013-02-14T06:34:07","modified_gmt":"2013-02-14T06:34:07","slug":"cifra-palota","status":"publish","type":"post","link":"https:\/\/ujkafe.website\/?p=20785","title":{"rendered":"Cifra palota"},"content":{"rendered":"<div id=\"attachment_20789\" style=\"width: 640px\" class=\"wp-caption alignnone\"><img loading=\"lazy\" decoding=\"async\" aria-describedby=\"caption-attachment-20789\" class=\"size-full wp-image-20789\" alt=\"fototanu_10\" src=\"https:\/\/ujkafe.website\/wp-content\/uploads\/2013\/02\/fototanu_10.jpg\" width=\"630\" height=\"473\" srcset=\"https:\/\/ujkafe.website\/wp-content\/uploads\/2013\/02\/fototanu_10.jpg 630w, https:\/\/ujkafe.website\/wp-content\/uploads\/2013\/02\/fototanu_10-300x225.jpg 300w\" sizes=\"auto, (max-width: 630px) 100vw, 630px\" \/><p id=\"caption-attachment-20789\" class=\"wp-caption-text\">Fot\u00f3 M\u00e1th\u00e9 \u00c9va<\/p><\/div>\n<p>A huszadik sz\u00e1zad v\u00e9g\u00e9r\u0151l \u0151rz\u00f6m ezt a k\u00e9pet. K\u00e9sz\u00edt\u0151je volt koll\u00e9gan\u0151m a Rom\u00e1niai Magyar Sz\u00f3n\u00e1l, <strong>M\u00e1th\u00e9 \u00c9va<\/strong>, aki Kolozsv\u00e1r \u00e9s Marosv\u00e1s\u00e1rhely k\u00f6z\u00f6tt f\u00e9nyk\u00e9pezte ezt az \u00e9p\u00fcl\u0151f\u00e9lben l\u00e9v\u0151 roma-palot\u00e1t. Az ilyen maharadzsa-st\u00edlus\u00fa k\u00e9glik akkor m\u00e9g \u00fajdons\u00e1gsz\u00e1mba mentek,<!--more--> az\u00f3ta elszaporodtak. \u00dagy h\u00edrlik, Olt\u00e9ni\u00e1ban \u00e9s Temesv\u00e1r k\u00f6rny\u00e9k\u00e9n eg\u00e9sz falvak, v\u00e1rosr\u00e9szek b\u00fajtak ki a f\u00f6ldb\u0151l, az\u00f3ta B\u00e1nffyhunyadon is megszaporodtak, de Korondon is l\u00e1tni m\u00e1r kistestv\u00e9reiket &#8211; megannyi hangyaboly a benne-k\u00f6r\u00fcl\u00f6tte-\u00e9rette ny\u00fczsg\u0151 emberk\u00e9k sz\u00e1m\u00e1ra, akik a s\u00e1trat, a k\u00f3beres szekeret, az ideiglenes sz\u00e1ll\u00e1st most felv\u00e1ltj\u00e1k egy t\u00falhajtott, \u00f6nc\u00e9l\u00fa pomp\u00e1val, amelyben a m\u00e1rv\u00e1ny kezet fog a deszk\u00e1val, a gipsszel \u00e9s az aranyozott cementtel&#8230;<\/p>\n<p style=\"text-align: right;\"><em><strong>Cseke G\u00e1bor<\/strong><\/em><\/p>\n<p>(Forr\u00e1s: fot\u00f3tan\u00fa)<\/p>\n","protected":false},"excerpt":{"rendered":"<p>A huszadik sz\u00e1zad v\u00e9g\u00e9r\u0151l \u0151rz\u00f6m ezt a k\u00e9pet. K\u00e9sz\u00edt\u0151je volt koll\u00e9gan\u0151m a Rom\u00e1niai Magyar Sz\u00f3n\u00e1l, M\u00e1th\u00e9 \u00c9va, aki Kolozsv\u00e1r \u00e9s Marosv\u00e1s\u00e1rhely k\u00f6z\u00f6tt f\u00e9nyk\u00e9pezte ezt az \u00e9p\u00fcl\u0151f\u00e9lben l\u00e9v\u0151 roma-palot\u00e1t. Az ilyen maharadzsa-st\u00edlus\u00fa k\u00e9glik akkor m\u00e9g \u00fajdons\u00e1gsz\u00e1mba mentek,<\/p>\n","protected":false},"author":3,"featured_media":0,"comment_status":"open","ping_status":"open","sticky":false,"template":"","format":"standard","meta":{"_monsterinsights_skip_tracking":false,"_monsterinsights_sitenote_active":false,"_monsterinsights_sitenote_note":"","_monsterinsights_sitenote_category":0,"ngg_post_thumbnail":0,"footnotes":""},"categories":[5],"tags":[],"class_list":["post-20785","post","type-post","status-publish","format-standard","hentry","category-foto"],"_links":{"self":[{"href":"https:\/\/ujkafe.website\/index.php?rest_route=\/wp\/v2\/posts\/20785","targetHints":{"allow":["GET"]}}],"collection":[{"href":"https:\/\/ujkafe.website\/index.php?rest_route=\/wp\/v2\/posts"}],"about":[{"href":"https:\/\/ujkafe.website\/index.php?rest_route=\/wp\/v2\/types\/post"}],"author":[{"embeddable":true,"href":"https:\/\/ujkafe.website\/index.php?rest_route=\/wp\/v2\/users\/3"}],"replies":[{"embeddable":true,"href":"https:\/\/ujkafe.website\/index.php?rest_route=%2Fwp%2Fv2%2Fcomments&post=20785"}],"version-history":[{"count":0,"href":"https:\/\/ujkafe.website\/index.php?rest_route=\/wp\/v2\/posts\/20785\/revisions"}],"wp:attachment":[{"href":"https:\/\/ujkafe.website\/index.php?rest_route=%2Fwp%2Fv2%2Fmedia&parent=20785"}],"wp:term":[{"taxonomy":"category","embeddable":true,"href":"https:\/\/ujkafe.website\/index.php?rest_route=%2Fwp%2Fv2%2Fcategories&post=20785"},{"taxonomy":"post_tag","embeddable":true,"href":"https:\/\/ujkafe.website\/index.php?rest_route=%2Fwp%2Fv2%2Ftags&post=20785"}],"curies":[{"name":"wp","href":"https:\/\/api.w.org\/{rel}","templated":true}]}}