
{"id":20819,"date":"2013-02-15T04:52:12","date_gmt":"2013-02-15T04:52:12","guid":{"rendered":"https:\/\/ujkafe.website\/?p=20819"},"modified":"2013-02-15T04:52:12","modified_gmt":"2013-02-15T04:52:12","slug":"sarfeny","status":"publish","type":"post","link":"https:\/\/ujkafe.website\/?p=20819","title":{"rendered":"S\u00e1rf\u00e9ny"},"content":{"rendered":"<div id=\"attachment_20822\" style=\"width: 430px\" class=\"wp-caption alignnone\"><img loading=\"lazy\" decoding=\"async\" aria-describedby=\"caption-attachment-20822\" class=\" wp-image-20822\" alt=\"fototanu_14\" src=\"https:\/\/ujkafe.website\/wp-content\/uploads\/2013\/02\/fototanu_14.jpg\" width=\"420\" height=\"668\" srcset=\"https:\/\/ujkafe.website\/wp-content\/uploads\/2013\/02\/fototanu_14.jpg 600w, https:\/\/ujkafe.website\/wp-content\/uploads\/2013\/02\/fototanu_14-188x300.jpg 188w\" sizes=\"auto, (max-width: 420px) 100vw, 420px\" \/><p id=\"caption-attachment-20822\" class=\"wp-caption-text\">Derzsi Gyula fot\u00f3ja<\/p><\/div>\n<p>Egyszer, \u00fagy j\u00f3 harminc \u00e9ve, felmentem egy tany\u00e1ra, Korond f\u00f6l\u00e9, a hegyekbe. Neh\u00e9z \u00fat volt, kaptat\u00f3val, s olyan gondolattal szuszogtam fel, hogy ezt a f\u00e1radts\u00e1got m\u00e1rpedig odafent kipihenem, s csak m\u00e1snap ereszkedek vissza a lap\u00e1lyra.<!--more--><\/p>\n<p>A tany\u00e1n a helybeliekkel be\u00fclt\u00fcnk az iv\u00f3ba, s m\u00e1r csak j\u00f3kor este b\u00fajtunk el\u0151, amikor m\u00e1r megbesz\u00e9lgett\u00fck a lenti \u00e9s ma fenti vil\u00e1g minden baj\u00e1t, b\u00e1nat\u00e1t, s hogy \u00f6r\u00f6m is legyen az \u00fcr\u00f6mben, s\u00f6r\u00f6kkel m\u00falattuk az id\u0151t.<\/p>\n<p>Mikor a sz\u00e1ll\u00e1sra k\u00eds\u00e9rtek volna vend\u00e9gl\u00e1t\u00f3im, botork\u00e1l\u00f3s, zegzugos, elkertelt \u00f6sv\u00e9nyeken bandukoltunk a tanyah\u00e1zak ment\u00e9n, az alkonyatban. \u00dagy f\u00e9nylett az \u0151szi s\u00e1r az \u00faton, mint valami felt\u00fart csodaaszfalt &#8211; ak\u00e1r csak a cs\u00edkszeredai <strong>Derzsi Gyula<\/strong> fot\u00f3j\u00e1n. Akkort\u00e1jt ker\u00fclt hozz\u00e1m a k\u00e9p k\u00f6zl\u00e9s v\u00e9gett, meg is jelent valamikor az El\u0151r\u00e9ben, most meg el\u0151ker\u00fclt a roppant halomb\u00f3l, s el\u0151h\u00edvta bennem tanyai kalandom r\u00e9gvolt pillanat\u00e1t.<\/p>\n<p style=\"text-align: right;\"><em><strong>Cseke G\u00e1bor<\/strong><\/em><\/p>\n<p>(Forr\u00e1s:<a href=\"http:\/\/fototanu.blogspot.ro\"> fot\u00f3tan\u00fa<\/a>)<\/p>\n","protected":false},"excerpt":{"rendered":"<p>Egyszer, \u00fagy j\u00f3 harminc \u00e9ve, felmentem egy tany\u00e1ra, Korond f\u00f6l\u00e9, a hegyekbe. Neh\u00e9z \u00fat volt, kaptat\u00f3val, s olyan gondolattal szuszogtam fel, hogy ezt a f\u00e1radts\u00e1got m\u00e1rpedig odafent kipihenem, s csak m\u00e1snap ereszkedek vissza a lap\u00e1lyra.<\/p>\n","protected":false},"author":3,"featured_media":0,"comment_status":"open","ping_status":"open","sticky":false,"template":"","format":"standard","meta":{"_monsterinsights_skip_tracking":false,"_monsterinsights_sitenote_active":false,"_monsterinsights_sitenote_note":"","_monsterinsights_sitenote_category":0,"ngg_post_thumbnail":0,"footnotes":""},"categories":[5],"tags":[],"class_list":["post-20819","post","type-post","status-publish","format-standard","hentry","category-foto"],"_links":{"self":[{"href":"https:\/\/ujkafe.website\/index.php?rest_route=\/wp\/v2\/posts\/20819","targetHints":{"allow":["GET"]}}],"collection":[{"href":"https:\/\/ujkafe.website\/index.php?rest_route=\/wp\/v2\/posts"}],"about":[{"href":"https:\/\/ujkafe.website\/index.php?rest_route=\/wp\/v2\/types\/post"}],"author":[{"embeddable":true,"href":"https:\/\/ujkafe.website\/index.php?rest_route=\/wp\/v2\/users\/3"}],"replies":[{"embeddable":true,"href":"https:\/\/ujkafe.website\/index.php?rest_route=%2Fwp%2Fv2%2Fcomments&post=20819"}],"version-history":[{"count":0,"href":"https:\/\/ujkafe.website\/index.php?rest_route=\/wp\/v2\/posts\/20819\/revisions"}],"wp:attachment":[{"href":"https:\/\/ujkafe.website\/index.php?rest_route=%2Fwp%2Fv2%2Fmedia&parent=20819"}],"wp:term":[{"taxonomy":"category","embeddable":true,"href":"https:\/\/ujkafe.website\/index.php?rest_route=%2Fwp%2Fv2%2Fcategories&post=20819"},{"taxonomy":"post_tag","embeddable":true,"href":"https:\/\/ujkafe.website\/index.php?rest_route=%2Fwp%2Fv2%2Ftags&post=20819"}],"curies":[{"name":"wp","href":"https:\/\/api.w.org\/{rel}","templated":true}]}}