
{"id":20832,"date":"2013-02-16T05:50:27","date_gmt":"2013-02-16T05:50:27","guid":{"rendered":"https:\/\/ujkafe.website\/?p=20832"},"modified":"2013-02-16T05:50:27","modified_gmt":"2013-02-16T05:50:27","slug":"emlekezo-szokeveny","status":"publish","type":"post","link":"https:\/\/ujkafe.website\/?p=20832","title":{"rendered":"Eml\u00e9kez\u0151 sz\u00f6kev\u00e9ny"},"content":{"rendered":"<div id=\"attachment_20836\" style=\"width: 624px\" class=\"wp-caption alignnone\"><img loading=\"lazy\" decoding=\"async\" aria-describedby=\"caption-attachment-20836\" class=\" wp-image-20836\" alt=\"Fot\u00f3: Sz\u00e9kely S\u00e1ndorKolozsv\u00e1r, Ferences kolostor \/ zeneiskola\" src=\"https:\/\/ujkafe.website\/wp-content\/uploads\/2013\/02\/fototanu_26.jpg\" width=\"614\" height=\"415\" srcset=\"https:\/\/ujkafe.website\/wp-content\/uploads\/2013\/02\/fototanu_26.jpg 1024w, https:\/\/ujkafe.website\/wp-content\/uploads\/2013\/02\/fototanu_26-300x202.jpg 300w\" sizes=\"auto, (max-width: 614px) 100vw, 614px\" \/><p id=\"caption-attachment-20836\" class=\"wp-caption-text\">Sz\u00e9kely S\u00e1ndor fot\u00f3ja<\/p><\/div>\n<p>\u00d6tvenvalah\u00e1ny \u00e9vvel ezel\u0151tt e bolt\u00edvek alatt telt minden f\u00e9l napom. A kolozsv\u00e1ri ferencrendi z\u00e1rda akkoriban lett zeneiskola, s lak\u00f3i valamivel kor\u00e1bban &#8211; sz\u00e1m\u0171z\u00f6ttek, kisemmizettek&#8230;<\/p>\n<p>A kolostor falai k\u00f6z\u00f6tt ma is muzsik\u00e1lnak a gyerk\u0151c\u00f6k, valami makacs, sz\u0171nni nem akar\u00f3 buzgalommal; azzal az elsz\u00e1nts\u00e1ggal, ami bel\u0151lem sajna, hi\u00e1nyzott.<!--more--> Amikor heged\u0171m\u00f6n gyakoroltam, tekintetem sz\u00edvesen kalandozott el a bolt\u00edvek metsz\u00e9spontjain, a g\u00f3tika rengeteg\u00e9ben, s figyeletlens\u00e9gem miatt tan\u00e1rn\u0151m mindegyre az ujjamra koppintott.<\/p>\n<p>Egyetlen kellemes \u00e9lm\u00e9nyem van a kolostorb\u00f3l: a sz\u00fcnetek alatti b\u00faj\u00f3csk\u00e1z\u00e1sok az \u00e1rk\u00e1dok, labirintusok \u00e9s egym\u00e1sba ny\u00edl\u00f3 folyos\u00f3k k\u00f6z\u00f6tt. No meg az a pillanat, amikor k\u00e9r\u00e9semre nagy nehezen, megfutamod\u00f3 sz\u00f6kev\u00e9nyk\u00e9nt, k\u00edv\u00fcl ker\u00fcltem az iskola k\u00f6tel\u00e9k\u00e9b\u0151l \u00e9s m\u00e1r mint m\u00e1s iskol\u00e1ba igazolt di\u00e1k, hallgathattam v\u00e9gig e teremben elhagyott oszt\u00e1lyt\u00e1rsaim \u00e9v v\u00e9gi koncertj\u00e9t&#8230;<\/p>\n<p style=\"text-align: right;\"><em><strong>Cseke G\u00e1bor<\/strong><\/em><\/p>\n<p>(Forr\u00e1s: <a href=\"http:\/\/fototanu.blogspot.ro\"><em>fot\u00f3tan\u00fa<\/em><\/a>)<\/p>\n","protected":false},"excerpt":{"rendered":"<p>\u00d6tvenvalah\u00e1ny \u00e9vvel ezel\u0151tt e bolt\u00edvek alatt telt minden f\u00e9l napom. A kolozsv\u00e1ri ferencrendi z\u00e1rda akkoriban lett zeneiskola, s lak\u00f3i valamivel kor\u00e1bban &#8211; sz\u00e1m\u0171z\u00f6ttek, kisemmizettek&#8230; A kolostor falai k\u00f6z\u00f6tt ma is muzsik\u00e1lnak a gyerk\u0151c\u00f6k, valami makacs, sz\u0171nni nem akar\u00f3 buzgalommal; azzal az elsz\u00e1nts\u00e1ggal, ami bel\u0151lem sajna, hi\u00e1nyzott.<\/p>\n","protected":false},"author":3,"featured_media":0,"comment_status":"open","ping_status":"open","sticky":false,"template":"","format":"standard","meta":{"_monsterinsights_skip_tracking":false,"_monsterinsights_sitenote_active":false,"_monsterinsights_sitenote_note":"","_monsterinsights_sitenote_category":0,"ngg_post_thumbnail":0,"footnotes":""},"categories":[5],"tags":[],"class_list":["post-20832","post","type-post","status-publish","format-standard","hentry","category-foto"],"_links":{"self":[{"href":"https:\/\/ujkafe.website\/index.php?rest_route=\/wp\/v2\/posts\/20832","targetHints":{"allow":["GET"]}}],"collection":[{"href":"https:\/\/ujkafe.website\/index.php?rest_route=\/wp\/v2\/posts"}],"about":[{"href":"https:\/\/ujkafe.website\/index.php?rest_route=\/wp\/v2\/types\/post"}],"author":[{"embeddable":true,"href":"https:\/\/ujkafe.website\/index.php?rest_route=\/wp\/v2\/users\/3"}],"replies":[{"embeddable":true,"href":"https:\/\/ujkafe.website\/index.php?rest_route=%2Fwp%2Fv2%2Fcomments&post=20832"}],"version-history":[{"count":0,"href":"https:\/\/ujkafe.website\/index.php?rest_route=\/wp\/v2\/posts\/20832\/revisions"}],"wp:attachment":[{"href":"https:\/\/ujkafe.website\/index.php?rest_route=%2Fwp%2Fv2%2Fmedia&parent=20832"}],"wp:term":[{"taxonomy":"category","embeddable":true,"href":"https:\/\/ujkafe.website\/index.php?rest_route=%2Fwp%2Fv2%2Fcategories&post=20832"},{"taxonomy":"post_tag","embeddable":true,"href":"https:\/\/ujkafe.website\/index.php?rest_route=%2Fwp%2Fv2%2Ftags&post=20832"}],"curies":[{"name":"wp","href":"https:\/\/api.w.org\/{rel}","templated":true}]}}