
{"id":20862,"date":"2013-02-16T21:52:02","date_gmt":"2013-02-16T21:52:02","guid":{"rendered":"https:\/\/ujkafe.website\/?p=20862"},"modified":"2013-02-16T21:53:31","modified_gmt":"2013-02-16T21:53:31","slug":"galambeteto","status":"publish","type":"post","link":"https:\/\/ujkafe.website\/?p=20862","title":{"rendered":"Galambetet\u0151"},"content":{"rendered":"<p><img loading=\"lazy\" decoding=\"async\" class=\"alignnone  wp-image-20866\" alt=\"fototanu_28\" src=\"https:\/\/ujkafe.website\/wp-content\/uploads\/2013\/02\/fototanu_28.jpg\" width=\"420\" height=\"568\" srcset=\"https:\/\/ujkafe.website\/wp-content\/uploads\/2013\/02\/fototanu_28.jpg 600w, https:\/\/ujkafe.website\/wp-content\/uploads\/2013\/02\/fototanu_28-221x300.jpg 221w\" sizes=\"auto, (max-width: 420px) 100vw, 420px\" \/><\/p>\n<p>Ez a kis, Chaplin-szer\u0171 alak, b\u00f6gr\u00e9vel a kez\u00e9ben a d\u00e9dnagyap\u00e1m. Legal\u00e1bb is, azt mondj\u00e1k. \u00c9n hiszem. De m\u00e1r nem nagyon van ki igazolja, mert akik l\u00e1tt\u00e1k \u0151t \u00e9let\u00e9ben vagy ismert\u00e9k, azok m\u00e1r nincsenek.<\/p>\n<p>Csak ez a csal\u00e1di f\u00e9nyk\u00e9p l\u00e9tezik m\u00e9g ut\u00e1na.<!--more--><\/p>\n<p>\u00c1ll brass\u00f3i otthon\u00e1nak udvar\u00e1n, \u00e9s eteti a galambokat. T\u00fal van m\u00e1r ekkor \u00e9lete del\u00e9n, tal\u00e1n m\u00e1r nyugalomba is vonult a vas\u00fatt\u00f3l, ahol dolgozott.<\/p>\n<p>K\u00e9pzelem, hogy vas\u00e1rnap volt, amikor ki\u00f6lt\u00f6z\u00f6tt, templomba men\u00e9s el\u0151tt. S am\u00edg az asszonyok elk\u00e9sz\u00fcltek, \u0151 megetette a galambokat. Valakinek nagyon megtetszett ez a gesztus \u00e9s lef\u00e9nyk\u00e9pezte. De biztosan nem olyan lesipusk\u00e1s m\u00f3dra, ahogy manaps\u00e1g k\u00f6nnyen lekapj\u00e1k az embert. \u00c9szre se veszi, \u00fagy r\u00e1kattannak.<\/p>\n<p>D\u00e9dnagyap\u00e1mnak alkalmat adtak felk\u00e9sz\u00fclni: \u00a0a k\u00e9p elk\u00e9sz\u00edt\u00e9s\u00e9hez n\u00e9mi id\u0151 kellett. Am\u00fagy nem l\u00e1tszik rajta, hogy k\u00fcl\u00f6n\u00f6sebben izgatta volna mag\u00e1t. A galambetet\u00e9s teljesen kit\u00f6lt\u00f6tte \u00e9let\u00e9nek AZT a pillanat\u00e1t. \u00d3, b\u00e9keid\u0151k idillje!<\/p>\n<p style=\"text-align: right;\"><em><strong>Cseke G\u00e1bor<\/strong><\/em><\/p>\n<p>(Forr\u00e1s: <a href=\"http:\/\/fototanu.blogspot.ro\"><em>fot\u00f3tan\u00fa<\/em><\/a>)<\/p>\n","protected":false},"excerpt":{"rendered":"<p>Ez a kis, Chaplin-szer\u0171 alak, b\u00f6gr\u00e9vel a kez\u00e9ben a d\u00e9dnagyap\u00e1m. Legal\u00e1bb is, azt mondj\u00e1k. \u00c9n hiszem. De m\u00e1r nem nagyon van ki igazolja, mert akik l\u00e1tt\u00e1k \u0151t \u00e9let\u00e9ben vagy ismert\u00e9k, azok m\u00e1r nincsenek. Csak ez a csal\u00e1di f\u00e9nyk\u00e9p l\u00e9tezik m\u00e9g ut\u00e1na.<\/p>\n","protected":false},"author":3,"featured_media":0,"comment_status":"open","ping_status":"open","sticky":false,"template":"","format":"standard","meta":{"_monsterinsights_skip_tracking":false,"_monsterinsights_sitenote_active":false,"_monsterinsights_sitenote_note":"","_monsterinsights_sitenote_category":0,"ngg_post_thumbnail":0,"footnotes":""},"categories":[5],"tags":[],"class_list":["post-20862","post","type-post","status-publish","format-standard","hentry","category-foto"],"_links":{"self":[{"href":"https:\/\/ujkafe.website\/index.php?rest_route=\/wp\/v2\/posts\/20862","targetHints":{"allow":["GET"]}}],"collection":[{"href":"https:\/\/ujkafe.website\/index.php?rest_route=\/wp\/v2\/posts"}],"about":[{"href":"https:\/\/ujkafe.website\/index.php?rest_route=\/wp\/v2\/types\/post"}],"author":[{"embeddable":true,"href":"https:\/\/ujkafe.website\/index.php?rest_route=\/wp\/v2\/users\/3"}],"replies":[{"embeddable":true,"href":"https:\/\/ujkafe.website\/index.php?rest_route=%2Fwp%2Fv2%2Fcomments&post=20862"}],"version-history":[{"count":0,"href":"https:\/\/ujkafe.website\/index.php?rest_route=\/wp\/v2\/posts\/20862\/revisions"}],"wp:attachment":[{"href":"https:\/\/ujkafe.website\/index.php?rest_route=%2Fwp%2Fv2%2Fmedia&parent=20862"}],"wp:term":[{"taxonomy":"category","embeddable":true,"href":"https:\/\/ujkafe.website\/index.php?rest_route=%2Fwp%2Fv2%2Fcategories&post=20862"},{"taxonomy":"post_tag","embeddable":true,"href":"https:\/\/ujkafe.website\/index.php?rest_route=%2Fwp%2Fv2%2Ftags&post=20862"}],"curies":[{"name":"wp","href":"https:\/\/api.w.org\/{rel}","templated":true}]}}