
{"id":20884,"date":"2013-02-17T15:33:51","date_gmt":"2013-02-17T15:33:51","guid":{"rendered":"https:\/\/ujkafe.website\/?p=20884"},"modified":"2013-02-18T10:49:26","modified_gmt":"2013-02-18T10:49:26","slug":"katyhasut","status":"publish","type":"post","link":"https:\/\/ujkafe.website\/?p=20884","title":{"rendered":"K\u00e1lyhasut"},"content":{"rendered":"<div id=\"attachment_20888\" style=\"width: 624px\" class=\"wp-caption alignnone\"><img loading=\"lazy\" decoding=\"async\" aria-describedby=\"caption-attachment-20888\" class=\" wp-image-20888\" alt=\"\" src=\"https:\/\/ujkafe.website\/wp-content\/uploads\/2013\/02\/fototanu_29.jpg\" width=\"614\" height=\"461\" srcset=\"https:\/\/ujkafe.website\/wp-content\/uploads\/2013\/02\/fototanu_29.jpg 1024w, https:\/\/ujkafe.website\/wp-content\/uploads\/2013\/02\/fototanu_29-300x225.jpg 300w\" sizes=\"auto, (max-width: 614px) 100vw, 614px\" \/><p id=\"caption-attachment-20888\" class=\"wp-caption-text\">Moln\u00e1r Attila arch\u00edv fot\u00f3ja<\/p><\/div>\n<p>Ki toppan be a h\u00e1z mag\u00e1ny\u00e1ba? Ki nyitja r\u00e1m az ajt\u00f3t? &#8211; t\u00f6preng a k\u00e1lyhasutban \u00fcl\u0151.<\/p>\n<p>A f\u00e9nyk\u00e9p\u00e9sz m\u00e1r bent van, \u0151 nem sz\u00e1m\u00edt. V\u00e9gzi a dolg\u00e1t. Cs\u00f6ndben van, azt mondja, \u00e9rdekli minden ebb\u0151l a h\u00e1zb\u00f3l. Ahogyan boldogulok. Ahogyan \u00e9lek.<!--more--><\/p>\n<p>Igaz, nem \u00e9ppen filmezni val\u00f3, de h\u00e1t \u0151 tudja&#8230; Ha neki ez az \u00e9rdekes&#8230; A viaszosv\u00e1szon. A kicsi ablak. A f\u00e9lhom\u00e1ly&#8230; Mindj\u00e1rt l\u00e1mp\u00e1t is gy\u00fajtunk, de addig m\u00e9g van egy kicsi&#8230;<\/p>\n<p>Minek az a nagy f\u00e9ny? Lassan v\u00e9ge a napnak. Nemsok\u00e1 t\u00fczet rakok, megf\u0151zni a mosl\u00e9kot. S mellette, a plattenen egy kicsi puliszk\u00e1t is&#8230;<\/p>\n<p style=\"text-align: right;\"><em><strong>Cseke G\u00e1bor<\/strong><\/em><\/p>\n<p>(Forr\u00e1s: <a href=\"http:\/\/fototanu.blogspot.ro\"><em>fot\u00f3tan\u00fa<\/em><\/a>)<\/p>\n","protected":false},"excerpt":{"rendered":"<p>Ki toppan be a h\u00e1z mag\u00e1ny\u00e1ba? Ki nyitja r\u00e1m az ajt\u00f3t? &#8211; t\u00f6preng a k\u00e1lyhasutban \u00fcl\u0151. A f\u00e9nyk\u00e9p\u00e9sz m\u00e1r bent van, \u0151 nem sz\u00e1m\u00edt. V\u00e9gzi a dolg\u00e1t. Cs\u00f6ndben van, azt mondja, \u00e9rdekli minden ebb\u0151l a h\u00e1zb\u00f3l. Ahogyan boldogulok. Ahogyan \u00e9lek.<\/p>\n","protected":false},"author":3,"featured_media":0,"comment_status":"open","ping_status":"open","sticky":false,"template":"","format":"standard","meta":{"_monsterinsights_skip_tracking":false,"_monsterinsights_sitenote_active":false,"_monsterinsights_sitenote_note":"","_monsterinsights_sitenote_category":0,"ngg_post_thumbnail":0,"footnotes":""},"categories":[5],"tags":[],"class_list":["post-20884","post","type-post","status-publish","format-standard","hentry","category-foto"],"_links":{"self":[{"href":"https:\/\/ujkafe.website\/index.php?rest_route=\/wp\/v2\/posts\/20884","targetHints":{"allow":["GET"]}}],"collection":[{"href":"https:\/\/ujkafe.website\/index.php?rest_route=\/wp\/v2\/posts"}],"about":[{"href":"https:\/\/ujkafe.website\/index.php?rest_route=\/wp\/v2\/types\/post"}],"author":[{"embeddable":true,"href":"https:\/\/ujkafe.website\/index.php?rest_route=\/wp\/v2\/users\/3"}],"replies":[{"embeddable":true,"href":"https:\/\/ujkafe.website\/index.php?rest_route=%2Fwp%2Fv2%2Fcomments&post=20884"}],"version-history":[{"count":0,"href":"https:\/\/ujkafe.website\/index.php?rest_route=\/wp\/v2\/posts\/20884\/revisions"}],"wp:attachment":[{"href":"https:\/\/ujkafe.website\/index.php?rest_route=%2Fwp%2Fv2%2Fmedia&parent=20884"}],"wp:term":[{"taxonomy":"category","embeddable":true,"href":"https:\/\/ujkafe.website\/index.php?rest_route=%2Fwp%2Fv2%2Fcategories&post=20884"},{"taxonomy":"post_tag","embeddable":true,"href":"https:\/\/ujkafe.website\/index.php?rest_route=%2Fwp%2Fv2%2Ftags&post=20884"}],"curies":[{"name":"wp","href":"https:\/\/api.w.org\/{rel}","templated":true}]}}