
{"id":20920,"date":"2013-02-19T22:08:01","date_gmt":"2013-02-19T22:08:01","guid":{"rendered":"https:\/\/ujkafe.website\/?p=20920"},"modified":"2013-02-19T22:08:01","modified_gmt":"2013-02-19T22:08:01","slug":"volt-nincs-autonomia","status":"publish","type":"post","link":"https:\/\/ujkafe.website\/?p=20920","title":{"rendered":"Volt \/ nincs auton\u00f3mia?"},"content":{"rendered":"<div id=\"attachment_20925\" style=\"width: 643px\" class=\"wp-caption alignnone\"><img loading=\"lazy\" decoding=\"async\" aria-describedby=\"caption-attachment-20925\" class=\" wp-image-20925\" alt=\"ParajdAutonomTartomany\" src=\"https:\/\/ujkafe.website\/wp-content\/uploads\/2013\/02\/ParajdAutonomTartomany.jpg\" width=\"633\" height=\"423\" srcset=\"https:\/\/ujkafe.website\/wp-content\/uploads\/2013\/02\/ParajdAutonomTartomany.jpg 904w, https:\/\/ujkafe.website\/wp-content\/uploads\/2013\/02\/ParajdAutonomTartomany-300x200.jpg 300w\" sizes=\"auto, (max-width: 633px) 100vw, 633px\" \/><p id=\"caption-attachment-20925\" class=\"wp-caption-text\">Arch\u00edv felv\u00e9tel<\/p><\/div>\n<p>Ezt valahogy \u00fagy kell elk\u00e9pzelni, mint az itt a piros, hol a piros? j\u00e1t\u00e9kot. A politikusok id\u0151nk\u00e9nt j\u00f3l elvitatkoznak rajta, gyal\u00e1zz\u00e1k miatta egym\u00e1st, gondolatban t\u00e1n m\u00e9g pofozkodnak is, nagymell\u00e9ny\u0171 kijelent\u00e9seket tesznek, t\u00e1borban \u00e9s ellent\u00e1borban egyar\u00e1nt, m\u00e9g diplom\u00e1ciai \u00f6sszer\u00f6ffen\u00e9sekre is sor ker\u00fcl &#8211; dalolva sz\u00e9p, ugye, az \u00e9let! <!--more-->-, mi pedig azon csod\u00e1lkozunk, hogy mi ez m\u00e1r megint, hiszen mi tudjuk hogy l\u00e9tezett auton\u00f3mia, s ma is l\u00e9tezik a vil\u00e1gon, csak amikor a politikusok k\u00f6rm\u00e9re n\u00e9z\u00fcnk emiatt, kider\u00fcl, hogy a piros nincs sehol. M\u00e9g egy \u00e1rva mandzsett\u00e1ba dugva sem&#8230;<\/p>\n<p>A fotogr\u00e1fia azonban nem ismer j\u00e1t\u00e9kot; legfeljebb tr\u00fckk\u00f6ket. De amit itt bemutatok, az nem tr\u00fckk. Az l\u00e9tezett valamikor. Nem is olyan r\u00e9g. M\u00e9ghozz\u00e1 Erd\u00e9lyben. Cirka f\u00e9l \u00e9vsz\u00e1zaddal ezel\u0151tt. Itt r\u00e1 a tan\u00fas\u00e1g. Bar\u00e1taim juttatt\u00e1k el hozz\u00e1m ezt az id\u0151 t\u00e9p\u00e1zott eml\u00e9kk\u00e9pet, j\u00f3 sz\u00edvvel, mement\u00f3ul. Igaz, a k\u00e9pen l\u00e1that\u00f3 felirat arr\u00f3l m\u00e1r nem sz\u00e1mol be, hogy az az auton\u00f3mia milyen volt, hogy hagyott-e k\u00edv\u00e1nnival\u00f3t maga ut\u00e1n, de mi tudjuk, hogy ezek m\u00e1r r\u00e9szletk\u00e9rd\u00e9sek. A l\u00e9nyeg: hogy ne lehessen letagadni&#8230;<\/p>\n<p style=\"text-align: right;\"><em><strong>Cseke G\u00e1bor<\/strong><\/em><\/p>\n<p>(Forr\u00e1s: <a href=\"http:\/\/fototanu.blogspot.ro\">Fot\u00f3tan\u00fa<\/a>)<\/p>\n","protected":false},"excerpt":{"rendered":"<p>Ezt valahogy \u00fagy kell elk\u00e9pzelni, mint az itt a piros, hol a piros? j\u00e1t\u00e9kot. A politikusok id\u0151nk\u00e9nt j\u00f3l elvitatkoznak rajta, gyal\u00e1zz\u00e1k miatta egym\u00e1st, gondolatban t\u00e1n m\u00e9g pofozkodnak is, nagymell\u00e9ny\u0171 kijelent\u00e9seket tesznek, t\u00e1borban \u00e9s ellent\u00e1borban egyar\u00e1nt, m\u00e9g diplom\u00e1ciai \u00f6sszer\u00f6ffen\u00e9sekre is sor ker\u00fcl &#8211; dalolva sz\u00e9p, ugye, az \u00e9let!<\/p>\n","protected":false},"author":3,"featured_media":0,"comment_status":"open","ping_status":"open","sticky":false,"template":"","format":"standard","meta":{"_monsterinsights_skip_tracking":false,"_monsterinsights_sitenote_active":false,"_monsterinsights_sitenote_note":"","_monsterinsights_sitenote_category":0,"ngg_post_thumbnail":0,"footnotes":""},"categories":[5],"tags":[],"class_list":["post-20920","post","type-post","status-publish","format-standard","hentry","category-foto"],"_links":{"self":[{"href":"https:\/\/ujkafe.website\/index.php?rest_route=\/wp\/v2\/posts\/20920","targetHints":{"allow":["GET"]}}],"collection":[{"href":"https:\/\/ujkafe.website\/index.php?rest_route=\/wp\/v2\/posts"}],"about":[{"href":"https:\/\/ujkafe.website\/index.php?rest_route=\/wp\/v2\/types\/post"}],"author":[{"embeddable":true,"href":"https:\/\/ujkafe.website\/index.php?rest_route=\/wp\/v2\/users\/3"}],"replies":[{"embeddable":true,"href":"https:\/\/ujkafe.website\/index.php?rest_route=%2Fwp%2Fv2%2Fcomments&post=20920"}],"version-history":[{"count":0,"href":"https:\/\/ujkafe.website\/index.php?rest_route=\/wp\/v2\/posts\/20920\/revisions"}],"wp:attachment":[{"href":"https:\/\/ujkafe.website\/index.php?rest_route=%2Fwp%2Fv2%2Fmedia&parent=20920"}],"wp:term":[{"taxonomy":"category","embeddable":true,"href":"https:\/\/ujkafe.website\/index.php?rest_route=%2Fwp%2Fv2%2Fcategories&post=20920"},{"taxonomy":"post_tag","embeddable":true,"href":"https:\/\/ujkafe.website\/index.php?rest_route=%2Fwp%2Fv2%2Ftags&post=20920"}],"curies":[{"name":"wp","href":"https:\/\/api.w.org\/{rel}","templated":true}]}}