
{"id":20951,"date":"2013-02-21T08:06:08","date_gmt":"2013-02-21T08:06:08","guid":{"rendered":"https:\/\/ujkafe.website\/?p=20951"},"modified":"2013-02-21T08:06:08","modified_gmt":"2013-02-21T08:06:08","slug":"hetpecsetes","status":"publish","type":"post","link":"https:\/\/ujkafe.website\/?p=20951","title":{"rendered":"&#8222;H\u00e9tpecs\u00e9tes&#8221;"},"content":{"rendered":"<p><img loading=\"lazy\" decoding=\"async\" class=\"alignnone  wp-image-20955\" alt=\"fototanu_46a\" src=\"https:\/\/ujkafe.website\/wp-content\/uploads\/2013\/02\/fototanu_46a.jpg\" width=\"483\" height=\"671\" srcset=\"https:\/\/ujkafe.website\/wp-content\/uploads\/2013\/02\/fototanu_46a.jpg 604w, https:\/\/ujkafe.website\/wp-content\/uploads\/2013\/02\/fototanu_46a-215x300.jpg 215w\" sizes=\"auto, (max-width: 483px) 100vw, 483px\" \/><\/p>\n<p>1989 el\u0151tt l\u00e9teztek helyek, ahov\u00e1 nem hogy emberi szem, de k\u00e9pr\u00f6gz\u00edt\u0151 g\u00e9p pillant\u00e1sa se hatolhatott fejveszt\u00e9s terhe n\u00e9lk\u00fcl. Ilyen volt az orsz\u00e1g legf\u0151bb vezet\u0151ihez \u00e9s csal\u00e1djukhoz f\u0171z\u0151d\u0151 t\u00e1rgyak, helysz\u00ednek, intimit\u00e1sok, k\u00e9nyelmetlen inform\u00e1ci\u00f3k.<!--more--><\/p>\n<p>Az 1989-es rendszerv\u00e1lt\u00e1skor az \u00e9ppen ma 120\u00a0\u00e9ves Agerpres h\u00edr\u00fcgyn\u00f6ks\u00e9gb\u0151l hirtelen Rompres-sz\u00e9 vedlett (az\u00f3ta \u00fajra visszavette r\u00e9gi nev\u00e9t) h\u00edrgy\u00e1rt\u00f3 k\u00f6zpont, aki addig f\u00e9ltve \u0151rizte a tabukat, az els\u0151 volt, aki lerombolta azokat, s 1990 janu\u00e1r 6-\u00e1n p\u00e9ld\u00e1ul az al\u00e1bbi k\u00e9t fot\u00f3t k\u00edn\u00e1lta f\u00f6l az el\u0151fizet\u0151 szerkeszt\u0151s\u00e9geknek:<\/p>\n<p><em>* Cornel Mocanu felv\u00e9tele az \u00e1llameln\u00f6ki flotta egyik\u00a0vez\u00e9rg\u00e9p\u00e9nek belsej\u00e9t \u00e1br\u00e1zolja, a j\u00f3l l\u00e1that\u00f3 nappalival, dolgoz\u00f3 szob\u00e1val, h\u00e1l\u00f3szob\u00e1val, f\u00fcrd\u0151vel, sz\u00e9ffel, mindenf\u00e9le k\u00fclf\u00f6ldi elektronikai felszerel\u00e9ssel ell\u00e1tva.<\/em><\/p>\n<p><em>* Megt\u00f6rt a dikt\u00e1tor fia, Nicu Ceausescu lak\u00e1s\u00e1nak tabuja: Mihai Alexe k\u00e9p\u00e9n a Szeben megyei p\u00e1rtbizotts\u00e1got vezet\u0151 fiatal politikus bukaresti dolgoz\u00f3szob\u00e1ja l\u00e1that\u00f3, f\u0151 helyen \u00f6ssze\u00e1ll\u00edtott rep\u00fcl\u0151g\u00e9p makettekkel.<\/em><\/p>\n<p style=\"text-align: right;\"><em><strong>Cseke G\u00e1bor<\/strong><\/em><\/p>\n<p>(Forr\u00e1s: <a href=\"http:\/\/fototanu.blogspot.ro\">Fot\u00f3tan\u00fa<\/a>)<\/p>\n","protected":false},"excerpt":{"rendered":"<p>1989 el\u0151tt l\u00e9teztek helyek, ahov\u00e1 nem hogy emberi szem, de k\u00e9pr\u00f6gz\u00edt\u0151 g\u00e9p pillant\u00e1sa se hatolhatott fejveszt\u00e9s terhe n\u00e9lk\u00fcl. Ilyen volt az orsz\u00e1g legf\u0151bb vezet\u0151ihez \u00e9s csal\u00e1djukhoz f\u0171z\u0151d\u0151 t\u00e1rgyak, helysz\u00ednek, intimit\u00e1sok, k\u00e9nyelmetlen inform\u00e1ci\u00f3k.<\/p>\n","protected":false},"author":3,"featured_media":0,"comment_status":"open","ping_status":"open","sticky":false,"template":"","format":"standard","meta":{"_monsterinsights_skip_tracking":false,"_monsterinsights_sitenote_active":false,"_monsterinsights_sitenote_note":"","_monsterinsights_sitenote_category":0,"ngg_post_thumbnail":0,"footnotes":""},"categories":[5],"tags":[],"class_list":["post-20951","post","type-post","status-publish","format-standard","hentry","category-foto"],"_links":{"self":[{"href":"https:\/\/ujkafe.website\/index.php?rest_route=\/wp\/v2\/posts\/20951","targetHints":{"allow":["GET"]}}],"collection":[{"href":"https:\/\/ujkafe.website\/index.php?rest_route=\/wp\/v2\/posts"}],"about":[{"href":"https:\/\/ujkafe.website\/index.php?rest_route=\/wp\/v2\/types\/post"}],"author":[{"embeddable":true,"href":"https:\/\/ujkafe.website\/index.php?rest_route=\/wp\/v2\/users\/3"}],"replies":[{"embeddable":true,"href":"https:\/\/ujkafe.website\/index.php?rest_route=%2Fwp%2Fv2%2Fcomments&post=20951"}],"version-history":[{"count":0,"href":"https:\/\/ujkafe.website\/index.php?rest_route=\/wp\/v2\/posts\/20951\/revisions"}],"wp:attachment":[{"href":"https:\/\/ujkafe.website\/index.php?rest_route=%2Fwp%2Fv2%2Fmedia&parent=20951"}],"wp:term":[{"taxonomy":"category","embeddable":true,"href":"https:\/\/ujkafe.website\/index.php?rest_route=%2Fwp%2Fv2%2Fcategories&post=20951"},{"taxonomy":"post_tag","embeddable":true,"href":"https:\/\/ujkafe.website\/index.php?rest_route=%2Fwp%2Fv2%2Ftags&post=20951"}],"curies":[{"name":"wp","href":"https:\/\/api.w.org\/{rel}","templated":true}]}}