
{"id":20969,"date":"2013-02-22T14:29:36","date_gmt":"2013-02-22T14:29:36","guid":{"rendered":"https:\/\/ujkafe.website\/?p=20969"},"modified":"2013-02-22T14:29:36","modified_gmt":"2013-02-22T14:29:36","slug":"a-munka-sarkos-kellekei","status":"publish","type":"post","link":"https:\/\/ujkafe.website\/?p=20969","title":{"rendered":"A munka sarkos kell\u00e9kei"},"content":{"rendered":"<div id=\"attachment_20975\" style=\"width: 640px\" class=\"wp-caption alignnone\"><img loading=\"lazy\" decoding=\"async\" aria-describedby=\"caption-attachment-20975\" class=\" wp-image-20975\" alt=\"diafelvetel1\" src=\"https:\/\/ujkafe.website\/wp-content\/uploads\/2013\/02\/diafelvetel1.jpg\" width=\"630\" height=\"485\" srcset=\"https:\/\/ujkafe.website\/wp-content\/uploads\/2013\/02\/diafelvetel1.jpg 900w, https:\/\/ujkafe.website\/wp-content\/uploads\/2013\/02\/diafelvetel1-300x231.jpg 300w\" sizes=\"auto, (max-width: 630px) 100vw, 630px\" \/><p id=\"caption-attachment-20975\" class=\"wp-caption-text\">Fot\u00f3 Jack Delano<\/p><\/div>\n<p>Budapesti bar\u00e1tom h\u00edvta fel a figyelmemet az amerikai <em>Denverpost.com<\/em> fot\u00f3blogj\u00e1ra, amely a huszadik sz\u00e1zad nagy t\u00e1rsadalmi \u00e9s t\u00f6rt\u00e9nelmi esem\u00e9nyeir\u0151l gy\u0171jt \u00f6ssze vallom\u00e1sos, dokumentum erej\u0171, remek k\u00e9peket. A blog &#8211; mondhatni &#8211; val\u00f3s\u00e1gos aranyb\u00e1nya, \u00e9rdemes oda id\u0151r\u0151l id\u0151re visszat\u00e9rni b\u00e1rkinek,<!--more--> ez\u00e9rt <a href=\"http:\/\/blogs.denverpost.com\/captured\/2010\/07\/26\/captured-america-in-color-from-1939-1943\/2363\/\"><strong>el\u00e1rulom az oda vezet\u0151 utat is<\/strong><\/a>, s egy\u00fattal azt a k\u00e9psort szeretn\u00e9m kiemelni, mely az 1939-1943 k\u00f6z\u00f6tti amerikai val\u00f3s\u00e1g legkem\u00e9nyebb tud\u00f3s\u00edt\u00e1sait tartalmazza a h\u00e9tk\u00f6znapi \u00e9letr\u0151l. \u00c9rdekess\u00e9g\u00fck: sz\u00ednes diafelv\u00e9telek \u0151rzik a val\u00f3s\u00e1g lenyomat\u00e1t &#8211; munk\u00e1t, csal\u00e1di \u00e9letet, gyermekkort, utcai jeleneteket, embersorsokra utal\u00f3 portr\u00e9kat &#8211; s hiteless\u00e9g\u00fck\u00f6n, nagyfok\u00fa realizmusukon t\u00fal a fotogr\u00e1fia professzion\u00e1lis t\u00f6k\u00e9lyre vitel\u00e9ben jeleskednek. \u00c1lljon itt tan\u00fas\u00e1gul h\u00e1rom jellegzetes jenki munk\u00e1sportr\u00e9. <strong>Jack Delano<\/strong> munk\u00e1ja az Iowa \u00e1llambeli Clinton \u00e1llom\u00e1s\u00e1n k\u00e9sz\u00fclt 1943-ban, amint Mrs. Viola Sievers g\u0151zfuvattal tiszt\u00edtja kormos mozdony\u00e1t. De Jack Delano a jobboldali als\u00f3 k\u00e9p szerz\u0151je is, aki Mike Evans hegeszt\u0151t kapta lencsev\u00e9gre Chicagoban, 1943-ban. A munka kell\u00e9kei k\u00f6z\u00f6tt \u00e9s helysz\u00edn\u00e9n val\u00f3 \u00e1br\u00e1zol\u00e1s annyira t\u00f6k\u00e9letes l\u00e1tleletet ad, hogy a m\u0171v\u00e9szi \u00fczeneten t\u00fal ak\u00e1r technikat\u00f6rt\u00e9neti forr\u00e1sanyagnak is beillenek ezek a fot\u00f3k.<\/p>\n<p>Az als\u00f3 baloldali fot\u00f3 kormos, megkem\u00e9nyedett, szigor\u00fa munk\u00e1sarca Texasb\u00f3l \u00fczen <strong>(John Vachon<\/strong> fot\u00f3s r\u00e9v\u00e9n) 1942 idej\u00e9b\u0151l, s cseppet sem hagy k\u00e9ts\u00e9get afel\u0151l, hogy a ma oly \u00e1h\u00edtott amerikai civiliz\u00e1ci\u00f3 \u00e9s demokr\u00e1cia egy nagyon sarkos \u00e9s kegyetlen \u00e9let-hal\u00e1l k\u00fczdelem sor\u00e1n n\u0151tte ki mag\u00e1t &#8222;vil\u00e1gszabv\u00e1nny\u00e1&#8221;, amihez manaps\u00e1g mindenki m\u00e9rni szereti mag\u00e1t &#8211; sokszor g\u00e9piesen \u00e9s alaptalanul.<\/p>\n<p style=\"text-align: right;\"><em><strong>Cseke G\u00e1bor<\/strong><\/em><\/p>\n<div id=\"attachment_20974\" style=\"width: 640px\" class=\"wp-caption alignnone\"><img loading=\"lazy\" decoding=\"async\" aria-describedby=\"caption-attachment-20974\" class=\" wp-image-20974\" alt=\"diafelvetel2\" src=\"https:\/\/ujkafe.website\/wp-content\/uploads\/2013\/02\/diafelvetel2.jpg\" width=\"630\" height=\"410\" srcset=\"https:\/\/ujkafe.website\/wp-content\/uploads\/2013\/02\/diafelvetel2.jpg 900w, https:\/\/ujkafe.website\/wp-content\/uploads\/2013\/02\/diafelvetel2-300x195.jpg 300w\" sizes=\"auto, (max-width: 630px) 100vw, 630px\" \/><p id=\"caption-attachment-20974\" class=\"wp-caption-text\">Fot\u00f3: Jack Delano (baloldalt) \/ John Vachon (jobbra)<\/p><\/div>\n<p style=\"text-align: left;\">\n<p>(Forr\u00e1s: <a href=\"http:\/\/fototanu.blogspot.ro\">Fot\u00f3tan\u00fa<\/a>)<\/p>\n","protected":false},"excerpt":{"rendered":"<p>Budapesti bar\u00e1tom h\u00edvta fel a figyelmemet az amerikai Denverpost.com fot\u00f3blogj\u00e1ra, amely a huszadik sz\u00e1zad nagy t\u00e1rsadalmi \u00e9s t\u00f6rt\u00e9nelmi esem\u00e9nyeir\u0151l gy\u0171jt \u00f6ssze vallom\u00e1sos, dokumentum erej\u0171, remek k\u00e9peket. A blog &#8211; mondhatni &#8211; val\u00f3s\u00e1gos aranyb\u00e1nya, \u00e9rdemes oda id\u0151r\u0151l id\u0151re visszat\u00e9rni b\u00e1rkinek,<\/p>\n","protected":false},"author":3,"featured_media":0,"comment_status":"open","ping_status":"open","sticky":false,"template":"","format":"standard","meta":{"_monsterinsights_skip_tracking":false,"_monsterinsights_sitenote_active":false,"_monsterinsights_sitenote_note":"","_monsterinsights_sitenote_category":0,"ngg_post_thumbnail":0,"footnotes":""},"categories":[5],"tags":[],"class_list":["post-20969","post","type-post","status-publish","format-standard","hentry","category-foto"],"_links":{"self":[{"href":"https:\/\/ujkafe.website\/index.php?rest_route=\/wp\/v2\/posts\/20969","targetHints":{"allow":["GET"]}}],"collection":[{"href":"https:\/\/ujkafe.website\/index.php?rest_route=\/wp\/v2\/posts"}],"about":[{"href":"https:\/\/ujkafe.website\/index.php?rest_route=\/wp\/v2\/types\/post"}],"author":[{"embeddable":true,"href":"https:\/\/ujkafe.website\/index.php?rest_route=\/wp\/v2\/users\/3"}],"replies":[{"embeddable":true,"href":"https:\/\/ujkafe.website\/index.php?rest_route=%2Fwp%2Fv2%2Fcomments&post=20969"}],"version-history":[{"count":0,"href":"https:\/\/ujkafe.website\/index.php?rest_route=\/wp\/v2\/posts\/20969\/revisions"}],"wp:attachment":[{"href":"https:\/\/ujkafe.website\/index.php?rest_route=%2Fwp%2Fv2%2Fmedia&parent=20969"}],"wp:term":[{"taxonomy":"category","embeddable":true,"href":"https:\/\/ujkafe.website\/index.php?rest_route=%2Fwp%2Fv2%2Fcategories&post=20969"},{"taxonomy":"post_tag","embeddable":true,"href":"https:\/\/ujkafe.website\/index.php?rest_route=%2Fwp%2Fv2%2Ftags&post=20969"}],"curies":[{"name":"wp","href":"https:\/\/api.w.org\/{rel}","templated":true}]}}