
{"id":21076,"date":"2013-02-27T10:08:45","date_gmt":"2013-02-27T10:08:45","guid":{"rendered":"https:\/\/ujkafe.website\/?p=21076"},"modified":"2013-02-27T10:08:45","modified_gmt":"2013-02-27T10:08:45","slug":"kavescseszeim-8-dancs-artur","status":"publish","type":"post","link":"https:\/\/ujkafe.website\/?p=21076","title":{"rendered":"K\u00e1v\u00e9scs\u00e9sz\u00e9[i]m (8): Dancs Artur"},"content":{"rendered":"<p><img loading=\"lazy\" decoding=\"async\" class=\"alignnone size-full wp-image-21080\" alt=\"cs\u00e9sz\u00e9m\" src=\"https:\/\/ujkafe.website\/wp-content\/uploads\/2013\/02\/cs\u00e9sz\u00e9m.jpg\" width=\"624\" height=\"568\" srcset=\"https:\/\/ujkafe.website\/wp-content\/uploads\/2013\/02\/cs\u00e9sz\u00e9m.jpg 624w, https:\/\/ujkafe.website\/wp-content\/uploads\/2013\/02\/cs\u00e9sz\u00e9m-300x273.jpg 300w\" sizes=\"auto, (max-width: 624px) 100vw, 624px\" \/><\/p>\n<p><em>Dr\u00e1ga Bar\u00e1taim,<\/em><\/p>\n<p><em>amikor ezeket a sorokat \u00edrom, t\u00e1vol az otthonr\u00f3l is t\u00e1voli otthonomt\u00f3l, a tr\u00f3pusokon vagyok \u00e9pp (\u00e9s primit\u00edv, amat\u0151r m\u00f3don, mint m\u00e9g soha, alaposan le\u00e9gtem, \u00e9s sajog mindenem) \u00e9s alig v\u00e1rom, hazamenjek, \u00e9s f\u0151zzek magamnak egy J\u00d3 k\u00e1v\u00e9t. De mivel nekem mindenr\u0151l \u00e9s mindenkir\u0151l akad k\u00e9zn\u00e9l egy fot\u00f3, v\u00e1laszolni tudok a megkeres\u00e9sre, \u00e9s meg tudom mutatni kedvenc b\u00f6gr\u00e9met. a k\u00e9pen ketten vannak, s milyen j\u00f3, hogy mindketten! A kicsi az, amelyikr\u0151l els\u0151sorban sz\u00f3ln\u00e9k. Az volt ugyanis els\u0151 v\u00e1s\u00e1rfi\u00e1m,<!--more--> amikor ide kiker\u00fcltem, \u00e9s arra gondolv\u00e1n, hogy egy j\u00f3 k\u00e1v\u00e9n\u00e1l fontosabb nincs is az ember \u00e9let\u00e9ben, hogy b\u00e1rmerre is elinduljon, hamar megvettem a doll\u00e1rosboltban. az\u00f3ta is abb\u00f3l iszom a reggeli egyszeri er\u0151s feket\u00e9t. A m\u00e1sikat Laci bar\u00e1tom kar\u00e1csonyra k\u00fcldte, s nem v\u00e9letlen\u00fcl ezt. Mi ugyanis \u00e9vekkel ezel\u0151tt eld\u00f6nt\u00f6tt\u00fck, hogy \u00f6regkorunkra mi lesz\u00fcnk a Muppet Show k\u00e9t zs\u00f6rt\u00f6s kolontos \u00f6regje. Ez a b\u00f6gre meg a hossz\u00fa, amerikai, nyalakodnival\u00f3 k\u00e1v\u00e9z\u00e1saimhoz kell.<\/em><\/p>\n<p style=\"text-align: right;\"><em>Minden j\u00f3kat!<\/em><\/p>\n<p style=\"text-align: right;\"><em>Art<\/em><\/p>\n","protected":false},"excerpt":{"rendered":"<p>Dr\u00e1ga Bar\u00e1taim, amikor ezeket a sorokat \u00edrom, t\u00e1vol az otthonr\u00f3l is t\u00e1voli otthonomt\u00f3l, a tr\u00f3pusokon vagyok \u00e9pp (\u00e9s primit\u00edv, amat\u0151r m\u00f3don, mint m\u00e9g soha, alaposan le\u00e9gtem, \u00e9s sajog mindenem) \u00e9s alig v\u00e1rom, hazamenjek, \u00e9s f\u0151zzek magamnak egy J\u00d3 k\u00e1v\u00e9t. De mivel nekem mindenr\u0151l \u00e9s mindenkir\u0151l akad k\u00e9zn\u00e9l egy fot\u00f3, v\u00e1laszolni tudok a megkeres\u00e9sre, \u00e9s meg [&hellip;]<\/p>\n","protected":false},"author":3,"featured_media":0,"comment_status":"open","ping_status":"open","sticky":false,"template":"","format":"standard","meta":{"_monsterinsights_skip_tracking":false,"_monsterinsights_sitenote_active":false,"_monsterinsights_sitenote_note":"","_monsterinsights_sitenote_category":0,"ngg_post_thumbnail":0,"footnotes":""},"categories":[5],"tags":[],"class_list":["post-21076","post","type-post","status-publish","format-standard","hentry","category-foto"],"_links":{"self":[{"href":"https:\/\/ujkafe.website\/index.php?rest_route=\/wp\/v2\/posts\/21076","targetHints":{"allow":["GET"]}}],"collection":[{"href":"https:\/\/ujkafe.website\/index.php?rest_route=\/wp\/v2\/posts"}],"about":[{"href":"https:\/\/ujkafe.website\/index.php?rest_route=\/wp\/v2\/types\/post"}],"author":[{"embeddable":true,"href":"https:\/\/ujkafe.website\/index.php?rest_route=\/wp\/v2\/users\/3"}],"replies":[{"embeddable":true,"href":"https:\/\/ujkafe.website\/index.php?rest_route=%2Fwp%2Fv2%2Fcomments&post=21076"}],"version-history":[{"count":0,"href":"https:\/\/ujkafe.website\/index.php?rest_route=\/wp\/v2\/posts\/21076\/revisions"}],"wp:attachment":[{"href":"https:\/\/ujkafe.website\/index.php?rest_route=%2Fwp%2Fv2%2Fmedia&parent=21076"}],"wp:term":[{"taxonomy":"category","embeddable":true,"href":"https:\/\/ujkafe.website\/index.php?rest_route=%2Fwp%2Fv2%2Fcategories&post=21076"},{"taxonomy":"post_tag","embeddable":true,"href":"https:\/\/ujkafe.website\/index.php?rest_route=%2Fwp%2Fv2%2Ftags&post=21076"}],"curies":[{"name":"wp","href":"https:\/\/api.w.org\/{rel}","templated":true}]}}