
{"id":21079,"date":"2013-02-27T14:17:47","date_gmt":"2013-02-27T14:17:47","guid":{"rendered":"https:\/\/ujkafe.website\/?p=21079"},"modified":"2013-02-27T14:18:33","modified_gmt":"2013-02-27T14:18:33","slug":"kavescseszeim-9-somorcik-sz-rozalia","status":"publish","type":"post","link":"https:\/\/ujkafe.website\/?p=21079","title":{"rendered":"K\u00e1v\u00e9scs\u00e9sz\u00e9[i]m (9): Somor\u010d\u00edk Sz. Roz\u00e1lia"},"content":{"rendered":"<p><em><strong>V\u00e1laszok &#8211; te\u00e1ra<\/strong><\/em><\/p>\n<p>Vannak cs\u00e9sz\u00e9k, mert t\u00f6bb van, de nem k\u00e1v\u00e9ra, hanem te\u00e1ra.<br \/>\nIgen, nem iszom k\u00e1v\u00e9t, sohasem, ugyanis allergi\u00e1s vagyok a koffeinre,<br \/>\ncsak te\u00e1t. Abb\u00f3l is t\u00f6bbf\u00e9l\u00e9t naponta. \u00c9s mindegyik fajta tea egy bizonyos lelki \u00e1llapotot t\u00e1mogat, \u00e9p\u00edt, vagy tesz kellemess\u00e9.<br \/>\nReggel fekete te\u00e1t iszom, j\u00f3 er\u0151set. Aki nem szokott a tea er\u0151ss\u00e9g\u00e9hez, az azt mondhatn\u00e1, ha megk\u00f3stoln\u00e1 az \u00e9n bord\u00f3 cs\u00e9sz\u00e9m tartalm\u00e1t, hogy l\u00f3r\u00fag\u00e1s.<\/p>\n<p><!--more--><\/p>\n<p><img loading=\"lazy\" decoding=\"async\" class=\"alignnone  wp-image-21086\" alt=\"013\" src=\"https:\/\/ujkafe.website\/wp-content\/uploads\/2013\/02\/013.jpg\" width=\"362\" height=\"272\" srcset=\"https:\/\/ujkafe.website\/wp-content\/uploads\/2013\/02\/013.jpg 604w, https:\/\/ujkafe.website\/wp-content\/uploads\/2013\/02\/013-300x225.jpg 300w\" sizes=\"auto, (max-width: 362px) 100vw, 362px\" \/><\/p>\n<p>D\u00e9lut\u00e1n n\u00e9ha gy\u00f3gyte\u00e1t iszom, ezt a k\u00e9k h\u00e1romsz\u00f6gekkel k\u00f6rbeping\u00e1lt kicsi cs\u00e9sz\u00e9mb\u0151l szoktam. Ez egy kicsit jap\u00e1nos, vagy k\u00ednai? M\u00e1rmint ez a kicsi cs\u00e9sze. Alig egy decis \u0171rtartalm\u00fa.<\/p>\n<p><img loading=\"lazy\" decoding=\"async\" class=\"alignnone  wp-image-21087\" alt=\"024\" src=\"https:\/\/ujkafe.website\/wp-content\/uploads\/2013\/02\/024.jpg\" width=\"362\" height=\"272\" srcset=\"https:\/\/ujkafe.website\/wp-content\/uploads\/2013\/02\/024.jpg 604w, https:\/\/ujkafe.website\/wp-content\/uploads\/2013\/02\/024-300x225.jpg 300w\" sizes=\"auto, (max-width: 362px) 100vw, 362px\" \/><\/p>\n<p>Ha azonban \u00fagy d\u00f6nt\u00f6k, hogy ma azt\u00e1n nagyon eg\u00e9szs\u00e9gesen \u00e9lek, akkor a z\u00f6ld te\u00e1t v\u00e1lasztom, ami az \u00e1tl\u00e1tsz\u00f3 \u00fcvegcs\u00e9sz\u00e9ben a legszebb (lehets\u00e9ges, az\u00e9rt, mert az \u00e9n \u00e1tl\u00e1that\u00f3 testemre utal, \u00edme, ma eg\u00e9szs\u00e9gesen \u00e9lek, hal\u00f3!)<\/p>\n<p><img loading=\"lazy\" decoding=\"async\" class=\"alignnone  wp-image-21088\" alt=\"021\" src=\"https:\/\/ujkafe.website\/wp-content\/uploads\/2013\/02\/021.jpg\" width=\"362\" height=\"272\" srcset=\"https:\/\/ujkafe.website\/wp-content\/uploads\/2013\/02\/021.jpg 604w, https:\/\/ujkafe.website\/wp-content\/uploads\/2013\/02\/021-300x225.jpg 300w\" sizes=\"auto, (max-width: 362px) 100vw, 362px\" \/><br \/>\nEste, ha nagyon rossz a kedvem, \u00e9s \u00fagy \u00e9rzem, mindenk\u00e9pp kell valamilyen r\u00f6h\u00f6gtet\u0151 kis p\u00f6ccint\u00e9s, nehogy m\u00e1r ilyen hangulatban t\u00e9rjek aludni, akkor el\u0151veszem az \u00f6cs\u00e9mt\u0151l kapott grimaszcs\u00e9sz\u00e9met. Egy esti, kedvcsin\u00e1l\u00f3 gy\u00fcm\u00f6lcste\u00e1hoz ez a legmegfelel\u0151bb.<\/p>\n<p><img loading=\"lazy\" decoding=\"async\" class=\"alignnone  wp-image-21089\" alt=\"019\" src=\"https:\/\/ujkafe.website\/wp-content\/uploads\/2013\/02\/019.jpg\" width=\"362\" height=\"272\" srcset=\"https:\/\/ujkafe.website\/wp-content\/uploads\/2013\/02\/019.jpg 604w, https:\/\/ujkafe.website\/wp-content\/uploads\/2013\/02\/019-300x225.jpg 300w\" sizes=\"auto, (max-width: 362px) 100vw, 362px\" \/><\/p>\n","protected":false},"excerpt":{"rendered":"<p>V\u00e1laszok &#8211; te\u00e1ra Vannak cs\u00e9sz\u00e9k, mert t\u00f6bb van, de nem k\u00e1v\u00e9ra, hanem te\u00e1ra. Igen, nem iszom k\u00e1v\u00e9t, sohasem, ugyanis allergi\u00e1s vagyok a koffeinre, csak te\u00e1t. Abb\u00f3l is t\u00f6bbf\u00e9l\u00e9t naponta. \u00c9s mindegyik fajta tea egy bizonyos lelki \u00e1llapotot t\u00e1mogat, \u00e9p\u00edt, vagy tesz kellemess\u00e9. Reggel fekete te\u00e1t iszom, j\u00f3 er\u0151set. Aki nem szokott a tea er\u0151ss\u00e9g\u00e9hez, az [&hellip;]<\/p>\n","protected":false},"author":3,"featured_media":0,"comment_status":"open","ping_status":"open","sticky":false,"template":"","format":"standard","meta":{"_monsterinsights_skip_tracking":false,"_monsterinsights_sitenote_active":false,"_monsterinsights_sitenote_note":"","_monsterinsights_sitenote_category":0,"ngg_post_thumbnail":0,"footnotes":""},"categories":[5],"tags":[],"class_list":["post-21079","post","type-post","status-publish","format-standard","hentry","category-foto"],"_links":{"self":[{"href":"https:\/\/ujkafe.website\/index.php?rest_route=\/wp\/v2\/posts\/21079","targetHints":{"allow":["GET"]}}],"collection":[{"href":"https:\/\/ujkafe.website\/index.php?rest_route=\/wp\/v2\/posts"}],"about":[{"href":"https:\/\/ujkafe.website\/index.php?rest_route=\/wp\/v2\/types\/post"}],"author":[{"embeddable":true,"href":"https:\/\/ujkafe.website\/index.php?rest_route=\/wp\/v2\/users\/3"}],"replies":[{"embeddable":true,"href":"https:\/\/ujkafe.website\/index.php?rest_route=%2Fwp%2Fv2%2Fcomments&post=21079"}],"version-history":[{"count":0,"href":"https:\/\/ujkafe.website\/index.php?rest_route=\/wp\/v2\/posts\/21079\/revisions"}],"wp:attachment":[{"href":"https:\/\/ujkafe.website\/index.php?rest_route=%2Fwp%2Fv2%2Fmedia&parent=21079"}],"wp:term":[{"taxonomy":"category","embeddable":true,"href":"https:\/\/ujkafe.website\/index.php?rest_route=%2Fwp%2Fv2%2Fcategories&post=21079"},{"taxonomy":"post_tag","embeddable":true,"href":"https:\/\/ujkafe.website\/index.php?rest_route=%2Fwp%2Fv2%2Ftags&post=21079"}],"curies":[{"name":"wp","href":"https:\/\/api.w.org\/{rel}","templated":true}]}}