
{"id":21096,"date":"2013-02-28T06:12:55","date_gmt":"2013-02-28T06:12:55","guid":{"rendered":"https:\/\/ujkafe.website\/?p=21096"},"modified":"2013-02-28T06:12:55","modified_gmt":"2013-02-28T06:12:55","slug":"utitarsak","status":"publish","type":"post","link":"https:\/\/ujkafe.website\/?p=21096","title":{"rendered":"\u00datit\u00e1rsak"},"content":{"rendered":"<div id=\"attachment_21101\" style=\"width: 627px\" class=\"wp-caption alignnone\"><img loading=\"lazy\" decoding=\"async\" aria-describedby=\"caption-attachment-21101\" class=\" wp-image-21101\" alt=\"fototanu_48\" src=\"https:\/\/ujkafe.website\/wp-content\/uploads\/2013\/02\/fototanu_48.jpg\" width=\"617\" height=\"356\" srcset=\"https:\/\/ujkafe.website\/wp-content\/uploads\/2013\/02\/fototanu_48.jpg 1028w, https:\/\/ujkafe.website\/wp-content\/uploads\/2013\/02\/fototanu_48-300x173.jpg 300w, https:\/\/ujkafe.website\/wp-content\/uploads\/2013\/02\/fototanu_48-1024x590.jpg 1024w\" sizes=\"auto, (max-width: 617px) 100vw, 617px\" \/><p id=\"caption-attachment-21101\" class=\"wp-caption-text\">Tam\u00e1s Andr\u00e1s \u00datit\u00e1rsak c. sorozat\u00e1nak egyik darabja<\/p><\/div>\n<p>Mindig \u00f6r\u00f6m volt sz\u00e1momra fiatal, \u00faj utakat tapos\u00f3 fot\u00f3sokat f\u00f6lfedezni. A marosv\u00e1s\u00e1rhelyi Tam\u00e1s Andr\u00e1s akkor kezdett el sminkel\u00e9s n\u00e9lk\u00fcl k\u00f6r\u00fcln\u00e9zni t\u00e1rsadalmi k\u00f6rnyezet\u00e9ben, amikor mindenki tudta, hogy az ing\u00e1z\u00e1s egy embertelen \u00e9letforma, a t\u00e1rsadalom viszont nem hogy nem tett ellene semmit, de m\u00e9g b\u00e1tor\u00edtotta is a szem\u00e9lyis\u00e9grombol\u00f3 k\u00e9tlakis\u00e1got.<!--more--><\/p>\n<p>1986-ban a fiatal elektrom\u00e9rn\u00f6k egy t\u00e1rlatnyi ing\u00e1z\u00f3 sorozat\u00e1val robbant bele az erd\u00e9lyi fotogr\u00e1fi\u00e1ba. Az\u00f3ta is ott van, az \u00e9lvonalban, szociogr\u00e1fiai \u00e9rdekl\u0151d\u00e9se szerencs\u00e9sen kieg\u00e9sz\u00fclt n\u00e9prajzi szenved\u00e9llyel is. A<a href=\"https:\/\/picasaweb.google.com\/kvaricsg\/UtitarsakTamasAndras?authkey=Gv1sRgCMODn5acxdrDFw#\">z \u00datit\u00e1rsak c. t\u00e1rlat anyag\u00e1b\u00f3l itt l\u00e1thatnak egy csokrot<\/a>, mellette korabeli kritik\u00e1m sz\u00f6vege is megtal\u00e1lhat\u00f3.<\/p>\n<p style=\"text-align: right;\"><em><strong>Cseke G\u00e1bor<\/strong><\/em><\/p>\n<p>(Forr\u00e1s:<a href=\"http:\/\/fototanu.blogspot.ro\"> fot\u00f3tan\u00fa<\/a>)<\/p>\n","protected":false},"excerpt":{"rendered":"<p>Mindig \u00f6r\u00f6m volt sz\u00e1momra fiatal, \u00faj utakat tapos\u00f3 fot\u00f3sokat f\u00f6lfedezni. A marosv\u00e1s\u00e1rhelyi Tam\u00e1s Andr\u00e1s akkor kezdett el sminkel\u00e9s n\u00e9lk\u00fcl k\u00f6r\u00fcln\u00e9zni t\u00e1rsadalmi k\u00f6rnyezet\u00e9ben, amikor mindenki tudta, hogy az ing\u00e1z\u00e1s egy embertelen \u00e9letforma, a t\u00e1rsadalom viszont nem hogy nem tett ellene semmit, de m\u00e9g b\u00e1tor\u00edtotta is a szem\u00e9lyis\u00e9grombol\u00f3 k\u00e9tlakis\u00e1got.<\/p>\n","protected":false},"author":3,"featured_media":0,"comment_status":"open","ping_status":"open","sticky":false,"template":"","format":"standard","meta":{"_monsterinsights_skip_tracking":false,"_monsterinsights_sitenote_active":false,"_monsterinsights_sitenote_note":"","_monsterinsights_sitenote_category":0,"ngg_post_thumbnail":0,"footnotes":""},"categories":[5],"tags":[],"class_list":["post-21096","post","type-post","status-publish","format-standard","hentry","category-foto"],"_links":{"self":[{"href":"https:\/\/ujkafe.website\/index.php?rest_route=\/wp\/v2\/posts\/21096","targetHints":{"allow":["GET"]}}],"collection":[{"href":"https:\/\/ujkafe.website\/index.php?rest_route=\/wp\/v2\/posts"}],"about":[{"href":"https:\/\/ujkafe.website\/index.php?rest_route=\/wp\/v2\/types\/post"}],"author":[{"embeddable":true,"href":"https:\/\/ujkafe.website\/index.php?rest_route=\/wp\/v2\/users\/3"}],"replies":[{"embeddable":true,"href":"https:\/\/ujkafe.website\/index.php?rest_route=%2Fwp%2Fv2%2Fcomments&post=21096"}],"version-history":[{"count":0,"href":"https:\/\/ujkafe.website\/index.php?rest_route=\/wp\/v2\/posts\/21096\/revisions"}],"wp:attachment":[{"href":"https:\/\/ujkafe.website\/index.php?rest_route=%2Fwp%2Fv2%2Fmedia&parent=21096"}],"wp:term":[{"taxonomy":"category","embeddable":true,"href":"https:\/\/ujkafe.website\/index.php?rest_route=%2Fwp%2Fv2%2Fcategories&post=21096"},{"taxonomy":"post_tag","embeddable":true,"href":"https:\/\/ujkafe.website\/index.php?rest_route=%2Fwp%2Fv2%2Ftags&post=21096"}],"curies":[{"name":"wp","href":"https:\/\/api.w.org\/{rel}","templated":true}]}}