
{"id":21117,"date":"2013-02-28T09:58:13","date_gmt":"2013-02-28T09:58:13","guid":{"rendered":"https:\/\/ujkafe.website\/?p=21117"},"modified":"2013-03-01T09:58:56","modified_gmt":"2013-03-01T09:58:56","slug":"kavescseszem-12-szekely-ervin","status":"publish","type":"post","link":"https:\/\/ujkafe.website\/?p=21117","title":{"rendered":"K\u00e1v\u00e9scs\u00e9sz\u00e9m (12). Sz\u00e9kely Ervin"},"content":{"rendered":"<p><img loading=\"lazy\" decoding=\"async\" class=\"alignnone  wp-image-21118\" alt=\"findzsa\" src=\"https:\/\/ujkafe.website\/wp-content\/uploads\/2013\/02\/findzsa.jpg\" width=\"483\" height=\"475\" srcset=\"https:\/\/ujkafe.website\/wp-content\/uploads\/2013\/02\/findzsa.jpg 604w, https:\/\/ujkafe.website\/wp-content\/uploads\/2013\/02\/findzsa-300x295.jpg 300w\" sizes=\"auto, (max-width: 483px) 100vw, 483px\" \/><\/p>\n<p>G\u00f6r\u00f6gorsz\u00e1gb\u00f3l hozta egy kollegan\u0151m. Val\u00f3sz\u00edn\u0171leg egy kimondottan t\u00farist\u00e1k sz\u00e1m\u00e1ra felingerelt aj\u00e1nd\u00e9kboltaban (souvenir shopnak mondj\u00e1k a g\u00f6r\u00f6g\u00f6k) vette a Pl\u00e1k\u00e1n. A Br\u00f3dy \u00e1ltal meg\u00e9nekelt \u201efill\u00e9res eml\u00e9keim\u201d kateg\u00f3ri\u00e1ba tartozik.<!--more--><\/p>\n<p>Az \u00e9getett agyaged\u00e9nynek k\u00e9nyelmes fog\u00e1sa van. A grafika mediterr\u00e1n ihletetts\u00e9g\u00e9t lehet, hogy csak \u00e9n gondolom hozz\u00e1. Nagy val\u00f3sz\u00edn\u0171s\u00e9ggel manufakt\u00far\u00e1r\u00f3l van sz\u00f3, b\u00e1r nem lep\u0151dn\u00e9k meg azon sem, ha kider\u00fclne, hogy K\u00edn\u00e1ban k\u00e9sz\u00fclt sorozat-term\u00e9kr\u0151l van sz\u00f3, amelyet sz\u00e1nd\u00e9kosan szab\u00e1lytalan alak\u00fara form\u00e1ztak, hogy a k\u00e9zimunka ill\u00fazi\u00f3j\u00e1t adja (ez legal\u00e1bb 27%-os fel\u00e1rat jelent, de meg\u00e9ri).<\/p>\n<p>Eml\u00e9k k\u00e1v\u00e9 \u00e9s tej vegy\u00fcl benne&#8230;j\u00f3l megcukrozva.<\/p>\n","protected":false},"excerpt":{"rendered":"<p>G\u00f6r\u00f6gorsz\u00e1gb\u00f3l hozta egy kollegan\u0151m. Val\u00f3sz\u00edn\u0171leg egy kimondottan t\u00farist\u00e1k sz\u00e1m\u00e1ra felingerelt aj\u00e1nd\u00e9kboltaban (souvenir shopnak mondj\u00e1k a g\u00f6r\u00f6g\u00f6k) vette a Pl\u00e1k\u00e1n. A Br\u00f3dy \u00e1ltal meg\u00e9nekelt \u201efill\u00e9res eml\u00e9keim\u201d kateg\u00f3ri\u00e1ba tartozik.<\/p>\n","protected":false},"author":3,"featured_media":0,"comment_status":"open","ping_status":"open","sticky":false,"template":"","format":"standard","meta":{"_monsterinsights_skip_tracking":false,"_monsterinsights_sitenote_active":false,"_monsterinsights_sitenote_note":"","_monsterinsights_sitenote_category":0,"ngg_post_thumbnail":0,"footnotes":""},"categories":[5],"tags":[],"class_list":["post-21117","post","type-post","status-publish","format-standard","hentry","category-foto"],"_links":{"self":[{"href":"https:\/\/ujkafe.website\/index.php?rest_route=\/wp\/v2\/posts\/21117","targetHints":{"allow":["GET"]}}],"collection":[{"href":"https:\/\/ujkafe.website\/index.php?rest_route=\/wp\/v2\/posts"}],"about":[{"href":"https:\/\/ujkafe.website\/index.php?rest_route=\/wp\/v2\/types\/post"}],"author":[{"embeddable":true,"href":"https:\/\/ujkafe.website\/index.php?rest_route=\/wp\/v2\/users\/3"}],"replies":[{"embeddable":true,"href":"https:\/\/ujkafe.website\/index.php?rest_route=%2Fwp%2Fv2%2Fcomments&post=21117"}],"version-history":[{"count":0,"href":"https:\/\/ujkafe.website\/index.php?rest_route=\/wp\/v2\/posts\/21117\/revisions"}],"wp:attachment":[{"href":"https:\/\/ujkafe.website\/index.php?rest_route=%2Fwp%2Fv2%2Fmedia&parent=21117"}],"wp:term":[{"taxonomy":"category","embeddable":true,"href":"https:\/\/ujkafe.website\/index.php?rest_route=%2Fwp%2Fv2%2Fcategories&post=21117"},{"taxonomy":"post_tag","embeddable":true,"href":"https:\/\/ujkafe.website\/index.php?rest_route=%2Fwp%2Fv2%2Ftags&post=21117"}],"curies":[{"name":"wp","href":"https:\/\/api.w.org\/{rel}","templated":true}]}}