
{"id":21129,"date":"2013-02-28T11:52:07","date_gmt":"2013-02-28T11:52:07","guid":{"rendered":"https:\/\/ujkafe.website\/?p=21129"},"modified":"2013-02-28T11:52:07","modified_gmt":"2013-02-28T11:52:07","slug":"h-szabo-sandor-orfk-termalgaller","status":"publish","type":"post","link":"https:\/\/ujkafe.website\/?p=21129","title":{"rendered":"H. Szab\u00f3 S\u00e1ndor-ORFK: Term\u00e1lgall\u00e9r"},"content":{"rendered":"<div id=\"attachment_21130\" style=\"width: 627px\" class=\"wp-caption alignnone\"><img loading=\"lazy\" decoding=\"async\" aria-describedby=\"caption-attachment-21130\" class=\" wp-image-21130\" alt=\"624 Demjen Termal volgy\" src=\"https:\/\/ujkafe.website\/wp-content\/uploads\/2013\/02\/624-Demjen-Termal-volgy.jpg\" width=\"617\" height=\"437\" srcset=\"https:\/\/ujkafe.website\/wp-content\/uploads\/2013\/02\/624-Demjen-Termal-volgy.jpg 1028w, https:\/\/ujkafe.website\/wp-content\/uploads\/2013\/02\/624-Demjen-Termal-volgy-300x212.jpg 300w, https:\/\/ujkafe.website\/wp-content\/uploads\/2013\/02\/624-Demjen-Termal-volgy-1024x726.jpg 1024w\" sizes=\"auto, (max-width: 617px) 100vw, 617px\" \/><p id=\"caption-attachment-21130\" class=\"wp-caption-text\">Magyarorsz\u00e1gi felv\u00e9telek: Demj\u00e9ni Term\u00e1l-v\u00f6lgy<\/p><\/div>\n<p><!--more--><\/p>\n<p><b>690 m\u00e9ter m\u00e9lyr\u0151l j\u00f6n fel a 68 Celsius fokos gy\u00f3gyv\u00edz, mely a<\/b><strong>\u00a0r\u00f3mai\u00a0mint\u00e1ra \u00e9p\u00fclt f\u00fcrd\u0151komplexumban hasznosul. \u00a0A gy\u00f3gyv\u00edz\u00e9 nyilv\u00e1n\u00edtott v\u00edz k\u00e9nes, fluoridos, de megtal\u00e1lhat\u00f3 benne a vas \u00e9s a kovasav is. A szabadk\u00e9n-tartalma,mintegy dupl\u00e1ja a k\u00f6rny\u00e9kbeli gy\u00f3gyvizeknek.. \u00a0A v\u00edz j\u00f3t\u00e9konyan hat a porckop\u00e1sos \u00edz\u00fcleti betegs\u00e9gekre, de van \u00e9rt\u00e1g\u00edt\u00f3 hat\u00e1sa \u00e9s a v\u00e9rkering\u00e9sre is hat. \u00a0A b\u0151rbetegs\u00e9gek is kezelhet\u0151k vele, vagy a \u00a0gyullad\u00e1sokat lehet cs\u00f6kkentheti. A gy\u00f3gy\u00edt\u00f3 hat\u00e1sa miatt egyre t\u00f6bben keresik fel a hazaiak mellett az Eur\u00f3pai Uni\u00f3 orsz\u00e1gaib\u00f3l is azok, akik enyh\u00fcl\u00e9st szeretn\u00e9nek kapni betegs\u00e9geikre, Demj\u00e9n gy\u00f3gyv\u00edz\u00e9t\u0151l.<\/strong><\/p>\n","protected":false},"excerpt":{"rendered":"","protected":false},"author":3,"featured_media":0,"comment_status":"open","ping_status":"open","sticky":false,"template":"","format":"standard","meta":{"_monsterinsights_skip_tracking":false,"_monsterinsights_sitenote_active":false,"_monsterinsights_sitenote_note":"","_monsterinsights_sitenote_category":0,"ngg_post_thumbnail":0,"footnotes":""},"categories":[5],"tags":[],"class_list":["post-21129","post","type-post","status-publish","format-standard","hentry","category-foto"],"_links":{"self":[{"href":"https:\/\/ujkafe.website\/index.php?rest_route=\/wp\/v2\/posts\/21129","targetHints":{"allow":["GET"]}}],"collection":[{"href":"https:\/\/ujkafe.website\/index.php?rest_route=\/wp\/v2\/posts"}],"about":[{"href":"https:\/\/ujkafe.website\/index.php?rest_route=\/wp\/v2\/types\/post"}],"author":[{"embeddable":true,"href":"https:\/\/ujkafe.website\/index.php?rest_route=\/wp\/v2\/users\/3"}],"replies":[{"embeddable":true,"href":"https:\/\/ujkafe.website\/index.php?rest_route=%2Fwp%2Fv2%2Fcomments&post=21129"}],"version-history":[{"count":0,"href":"https:\/\/ujkafe.website\/index.php?rest_route=\/wp\/v2\/posts\/21129\/revisions"}],"wp:attachment":[{"href":"https:\/\/ujkafe.website\/index.php?rest_route=%2Fwp%2Fv2%2Fmedia&parent=21129"}],"wp:term":[{"taxonomy":"category","embeddable":true,"href":"https:\/\/ujkafe.website\/index.php?rest_route=%2Fwp%2Fv2%2Fcategories&post=21129"},{"taxonomy":"post_tag","embeddable":true,"href":"https:\/\/ujkafe.website\/index.php?rest_route=%2Fwp%2Fv2%2Ftags&post=21129"}],"curies":[{"name":"wp","href":"https:\/\/api.w.org\/{rel}","templated":true}]}}