
{"id":21166,"date":"2013-03-02T10:41:06","date_gmt":"2013-03-02T10:41:06","guid":{"rendered":"https:\/\/ujkafe.website\/?p=21166"},"modified":"2013-03-02T10:41:06","modified_gmt":"2013-03-02T10:41:06","slug":"emlekszel","status":"publish","type":"post","link":"https:\/\/ujkafe.website\/?p=21166","title":{"rendered":"Eml\u00e9kszel?"},"content":{"rendered":"<div id=\"attachment_21170\" style=\"width: 627px\" class=\"wp-caption alignnone\"><img loading=\"lazy\" decoding=\"async\" aria-describedby=\"caption-attachment-21170\" class=\" wp-image-21170\" alt=\"fototanu_64\" src=\"https:\/\/ujkafe.website\/wp-content\/uploads\/2013\/03\/fototanu_64.jpg\" width=\"617\" height=\"434\" srcset=\"https:\/\/ujkafe.website\/wp-content\/uploads\/2013\/03\/fototanu_64.jpg 1028w, https:\/\/ujkafe.website\/wp-content\/uploads\/2013\/03\/fototanu_64-300x211.jpg 300w, https:\/\/ujkafe.website\/wp-content\/uploads\/2013\/03\/fototanu_64-1024x721.jpg 1024w\" sizes=\"auto, (max-width: 617px) 100vw, 617px\" \/><p id=\"caption-attachment-21170\" class=\"wp-caption-text\">B\u00edr\u00f3 K\u00e1roly fot\u00f3ja<\/p><\/div>\n<p>A m\u00falt sz\u00e1zad v\u00e9gi, nagyv\u00e1radi fot\u00f3iskola egyik mark\u00e1ns k\u00e9pvisel\u0151je, Bir\u00f3 K\u00e1roly nev\u00e9hez f\u0171z\u0151dik ez az igen hangulatos, \u0151szinte k\u00e9p, amely nem csak a pillanatot, hanem az el\u0151tte \u00e9s ut\u00e1na lej\u00e1tsz\u00f3d\u00f3 esem\u00e9nyeket, gesztusokat is mag\u00e1ba s\u0171r\u00edti.<!--more--><\/p>\n<p>A felszabadult nevet\u00e9s, a k\u00e9t ember k\u00f6z\u00f6tti, kimondatlanul is \u00f6sszhangteremt\u0151 egyet\u00e9rt\u00e9s \u00e9s mindenek el\u0151tt a lepusztults\u00e1g\u00e1ban is otthonos, kisszer\u0171 k\u00f6rnyezet egy le\u00e9lt \u00e9let eml\u00e9kvil\u00e1g\u00e1ra tereli a figyelmet. Arra, amire eml\u00e9kezni lehet \u00e9s kell.<\/p>\n<p>A sz\u00e9pre, a j\u00f3ra &#8211; ami a l\u00e9lekben kincsk\u00e9nt megmarad. <strong><a href=\"https:\/\/picasaweb.google.com\/kvaricsg\/BiroKarolyPortfolioja?authkey=Gv1sRgCM32g5vFhsfhJg#\">B\u00edr\u00f3 K\u00e1roly fot\u00f3i<\/a><\/strong> az emberi tart\u00e1s \u00e9s nosztalgia forr\u00e1sainak t\u00f6v\u00e9r\u0151l fakadnak.<\/p>\n<p style=\"text-align: right;\"><em><strong>Cseke G\u00e1bor<\/strong><\/em><\/p>\n<p>(Forr\u00e1s: <a href=\"http:\/\/fototanu.blogspot.ro\">fot\u00f3tan\u00fa<\/a>)<\/p>\n","protected":false},"excerpt":{"rendered":"<p>A m\u00falt sz\u00e1zad v\u00e9gi, nagyv\u00e1radi fot\u00f3iskola egyik mark\u00e1ns k\u00e9pvisel\u0151je, Bir\u00f3 K\u00e1roly nev\u00e9hez f\u0171z\u0151dik ez az igen hangulatos, \u0151szinte k\u00e9p, amely nem csak a pillanatot, hanem az el\u0151tte \u00e9s ut\u00e1na lej\u00e1tsz\u00f3d\u00f3 esem\u00e9nyeket, gesztusokat is mag\u00e1ba s\u0171r\u00edti.<\/p>\n","protected":false},"author":3,"featured_media":0,"comment_status":"open","ping_status":"open","sticky":false,"template":"","format":"standard","meta":{"_monsterinsights_skip_tracking":false,"_monsterinsights_sitenote_active":false,"_monsterinsights_sitenote_note":"","_monsterinsights_sitenote_category":0,"ngg_post_thumbnail":0,"footnotes":""},"categories":[5],"tags":[],"class_list":["post-21166","post","type-post","status-publish","format-standard","hentry","category-foto"],"_links":{"self":[{"href":"https:\/\/ujkafe.website\/index.php?rest_route=\/wp\/v2\/posts\/21166","targetHints":{"allow":["GET"]}}],"collection":[{"href":"https:\/\/ujkafe.website\/index.php?rest_route=\/wp\/v2\/posts"}],"about":[{"href":"https:\/\/ujkafe.website\/index.php?rest_route=\/wp\/v2\/types\/post"}],"author":[{"embeddable":true,"href":"https:\/\/ujkafe.website\/index.php?rest_route=\/wp\/v2\/users\/3"}],"replies":[{"embeddable":true,"href":"https:\/\/ujkafe.website\/index.php?rest_route=%2Fwp%2Fv2%2Fcomments&post=21166"}],"version-history":[{"count":0,"href":"https:\/\/ujkafe.website\/index.php?rest_route=\/wp\/v2\/posts\/21166\/revisions"}],"wp:attachment":[{"href":"https:\/\/ujkafe.website\/index.php?rest_route=%2Fwp%2Fv2%2Fmedia&parent=21166"}],"wp:term":[{"taxonomy":"category","embeddable":true,"href":"https:\/\/ujkafe.website\/index.php?rest_route=%2Fwp%2Fv2%2Fcategories&post=21166"},{"taxonomy":"post_tag","embeddable":true,"href":"https:\/\/ujkafe.website\/index.php?rest_route=%2Fwp%2Fv2%2Ftags&post=21166"}],"curies":[{"name":"wp","href":"https:\/\/api.w.org\/{rel}","templated":true}]}}