
{"id":21175,"date":"2013-03-02T15:47:22","date_gmt":"2013-03-02T15:47:22","guid":{"rendered":"https:\/\/ujkafe.website\/?p=21175"},"modified":"2013-03-02T15:47:22","modified_gmt":"2013-03-02T15:47:22","slug":"kavescseszem-20-pusztai-peter","status":"publish","type":"post","link":"https:\/\/ujkafe.website\/?p=21175","title":{"rendered":"K\u00e1v\u00e9scs\u00e9sz\u00e9m (20): Pusztai P\u00e9ter"},"content":{"rendered":"<p><img loading=\"lazy\" decoding=\"async\" class=\"alignnone  wp-image-21178\" alt=\"Foto H\u00e1ber copy\" src=\"https:\/\/ujkafe.website\/wp-content\/uploads\/2013\/03\/Foto-H\u00e1ber-copy.jpg\" width=\"480\" height=\"662\" srcset=\"https:\/\/ujkafe.website\/wp-content\/uploads\/2013\/03\/Foto-H\u00e1ber-copy.jpg 600w, https:\/\/ujkafe.website\/wp-content\/uploads\/2013\/03\/Foto-H\u00e1ber-copy-217x300.jpg 217w\" sizes=\"auto, (max-width: 480px) 100vw, 480px\" \/><\/p>\n<p><strong>Foto H\u00e1ber<\/strong><\/p>\n<p>A hatvanas \u00e9vek elej\u00e9n m\u00e1r-m\u00e1r mindenki Foto H\u00e1bernek nevezett a marosv\u00e1s\u00e1rhelyi m\u0171v\u00e9szetiben. Ekkor kezdtem a fot\u00f3z\u00e1st, ez id\u0151t\u00e1jban vet\u00edtett\u00e9k a <em>Foto H\u00e1ber<\/em>\u00a0c. filmet is az Ifj\u00fas\u00e1gi moziban.<!--more--> Most amint t\u00e9mak\u00e9nt a k\u00e1v\u00e9scs\u00e9sz\u00e9r\u0151l k\u00e9rtetek fot\u00f3t, \u00e9n is lehajoltam, hogy felemeljem ezt a f\u00f6ld\u00f6n h\u00e1ny\u00f3d\u00f3 t\u00e9m\u00e1t, mert hirtelen miden egy f\u00f3kuszba \u00e1llt az eml\u00e9keimben: ekkor ittam az els\u0151 tilos k\u00e1v\u00e9t az Olga k\u00e1v\u00e9h\u00e1zban, el\u0151sz\u00f6r l\u00e1ttam \u00e9l\u0151ben egy nagyrem\u00e9ny\u0171 k\u00f6lt\u0151t, \u00a0Hodos L\u00e1szl\u00f3t k\u00e1v\u00e9zni \u00e9s hadon\u00e1szni&#8230; Ekkor m\u00e9g a fot\u00f3t r\u00f6vid o val \u00edrt\u00e1k, \u00e9s ugyanekkor gyermekeknek a szerelem is tilos volt.\u00a0Most k\u00fcld\u00f6m a leg\u00fajabb k\u00e1v\u00e9scs\u00e9sz\u00e9m fot\u00f3j\u00e1t, \u00e9s Fot\u00f3 H\u00e1ber (\u00e9n) \u00a0spionkod\u00f3 piros kih\u00fazat\u00fa g\u00e9p\u00e9t.<\/p>\n","protected":false},"excerpt":{"rendered":"<p>Foto H\u00e1ber A hatvanas \u00e9vek elej\u00e9n m\u00e1r-m\u00e1r mindenki Foto H\u00e1bernek nevezett a marosv\u00e1s\u00e1rhelyi m\u0171v\u00e9szetiben. Ekkor kezdtem a fot\u00f3z\u00e1st, ez id\u0151t\u00e1jban vet\u00edtett\u00e9k a Foto H\u00e1ber\u00a0c. filmet is az Ifj\u00fas\u00e1gi moziban.<\/p>\n","protected":false},"author":3,"featured_media":0,"comment_status":"open","ping_status":"open","sticky":false,"template":"","format":"standard","meta":{"_monsterinsights_skip_tracking":false,"_monsterinsights_sitenote_active":false,"_monsterinsights_sitenote_note":"","_monsterinsights_sitenote_category":0,"ngg_post_thumbnail":0,"footnotes":""},"categories":[5],"tags":[],"class_list":["post-21175","post","type-post","status-publish","format-standard","hentry","category-foto"],"_links":{"self":[{"href":"https:\/\/ujkafe.website\/index.php?rest_route=\/wp\/v2\/posts\/21175","targetHints":{"allow":["GET"]}}],"collection":[{"href":"https:\/\/ujkafe.website\/index.php?rest_route=\/wp\/v2\/posts"}],"about":[{"href":"https:\/\/ujkafe.website\/index.php?rest_route=\/wp\/v2\/types\/post"}],"author":[{"embeddable":true,"href":"https:\/\/ujkafe.website\/index.php?rest_route=\/wp\/v2\/users\/3"}],"replies":[{"embeddable":true,"href":"https:\/\/ujkafe.website\/index.php?rest_route=%2Fwp%2Fv2%2Fcomments&post=21175"}],"version-history":[{"count":0,"href":"https:\/\/ujkafe.website\/index.php?rest_route=\/wp\/v2\/posts\/21175\/revisions"}],"wp:attachment":[{"href":"https:\/\/ujkafe.website\/index.php?rest_route=%2Fwp%2Fv2%2Fmedia&parent=21175"}],"wp:term":[{"taxonomy":"category","embeddable":true,"href":"https:\/\/ujkafe.website\/index.php?rest_route=%2Fwp%2Fv2%2Fcategories&post=21175"},{"taxonomy":"post_tag","embeddable":true,"href":"https:\/\/ujkafe.website\/index.php?rest_route=%2Fwp%2Fv2%2Ftags&post=21175"}],"curies":[{"name":"wp","href":"https:\/\/api.w.org\/{rel}","templated":true}]}}