
{"id":21204,"date":"2013-03-03T21:19:50","date_gmt":"2013-03-03T21:19:50","guid":{"rendered":"https:\/\/ujkafe.website\/?p=21204"},"modified":"2013-03-03T21:19:50","modified_gmt":"2013-03-03T21:19:50","slug":"kavescseszem-23-cseke-gabor","status":"publish","type":"post","link":"https:\/\/ujkafe.website\/?p=21204","title":{"rendered":"K\u00e1v\u00e9scs\u00e9sz\u00e9m (23): Cseke G\u00e1bor"},"content":{"rendered":"<p><img loading=\"lazy\" decoding=\"async\" class=\"alignnone  wp-image-21209\" alt=\"kafe_csg\" src=\"https:\/\/ujkafe.website\/wp-content\/uploads\/2013\/03\/kafe_csg.jpg\" width=\"483\" height=\"643\" srcset=\"https:\/\/ujkafe.website\/wp-content\/uploads\/2013\/03\/kafe_csg.jpg 604w, https:\/\/ujkafe.website\/wp-content\/uploads\/2013\/03\/kafe_csg-225x300.jpg 225w\" sizes=\"auto, (max-width: 483px) 100vw, 483px\" \/><\/p>\n<p><em>Mennyi k\u00e1v\u00e9t megittam \u00e9letemben<\/em><br \/>\n<em> (\u00e9s nem csak&#8230;)<\/em><br \/>\n<em> Mennyi cs\u00e9sz\u00e9t elt\u00f6rtem ezalatt<\/em><br \/>\n<em> (\u00e9s nem csak&#8230;)<!--more--><\/em><br \/>\n<em> \u00c9s mindig volt er\u0151m talpra \u00e1llni<\/em><br \/>\n<em> (\u00e9s nem csak&#8230;)<\/em><br \/>\n<em> \u00c9s betan\u00edtani egy-egy \u00faj cs\u00e9sz\u00e9t<\/em><br \/>\n<em> (\u00e9s nem csak&#8230;)<\/em><br \/>\n<em> Ma \u00e9ppen ebb\u0151l h\u00f6rp\u00f6l\u00f6m a k\u00e1v\u00e9t<\/em><br \/>\n<em> (\u00e9s nem csak&#8230;)<\/em><br \/>\n<em> Mit magam f\u0151z\u00f6k nagy hozz\u00e1\u00e9rt\u00e9ssel<\/em><br \/>\n<em> (\u00e9s nem csak&#8230;)<\/em><\/p>\n<p>Ui. Az el\u0151t\u00e9rben minden\u00e1ron egy sz\u00e9p chili-p\u00e9ld\u00e1ny tolakodott a k\u00e9pbe, hogy \u0151t is \u00f6r\u00f6k\u00edten\u00e9m meg, ugyanis azt gyan\u00edtja, hogy az eb\u00e9dn\u00e9l \u0151 lesz a soros hal\u00e1lra\u00edt\u00e9lt (\u00e9s valahogy nem volt sz\u00edvem megc\u00e1folni&#8230;)<\/p>\n","protected":false},"excerpt":{"rendered":"<p>Mennyi k\u00e1v\u00e9t megittam \u00e9letemben (\u00e9s nem csak&#8230;) Mennyi cs\u00e9sz\u00e9t elt\u00f6rtem ezalatt (\u00e9s nem csak&#8230;)<\/p>\n","protected":false},"author":3,"featured_media":0,"comment_status":"open","ping_status":"open","sticky":false,"template":"","format":"standard","meta":{"_monsterinsights_skip_tracking":false,"_monsterinsights_sitenote_active":false,"_monsterinsights_sitenote_note":"","_monsterinsights_sitenote_category":0,"ngg_post_thumbnail":0,"footnotes":""},"categories":[5],"tags":[],"class_list":["post-21204","post","type-post","status-publish","format-standard","hentry","category-foto"],"_links":{"self":[{"href":"https:\/\/ujkafe.website\/index.php?rest_route=\/wp\/v2\/posts\/21204","targetHints":{"allow":["GET"]}}],"collection":[{"href":"https:\/\/ujkafe.website\/index.php?rest_route=\/wp\/v2\/posts"}],"about":[{"href":"https:\/\/ujkafe.website\/index.php?rest_route=\/wp\/v2\/types\/post"}],"author":[{"embeddable":true,"href":"https:\/\/ujkafe.website\/index.php?rest_route=\/wp\/v2\/users\/3"}],"replies":[{"embeddable":true,"href":"https:\/\/ujkafe.website\/index.php?rest_route=%2Fwp%2Fv2%2Fcomments&post=21204"}],"version-history":[{"count":0,"href":"https:\/\/ujkafe.website\/index.php?rest_route=\/wp\/v2\/posts\/21204\/revisions"}],"wp:attachment":[{"href":"https:\/\/ujkafe.website\/index.php?rest_route=%2Fwp%2Fv2%2Fmedia&parent=21204"}],"wp:term":[{"taxonomy":"category","embeddable":true,"href":"https:\/\/ujkafe.website\/index.php?rest_route=%2Fwp%2Fv2%2Fcategories&post=21204"},{"taxonomy":"post_tag","embeddable":true,"href":"https:\/\/ujkafe.website\/index.php?rest_route=%2Fwp%2Fv2%2Ftags&post=21204"}],"curies":[{"name":"wp","href":"https:\/\/api.w.org\/{rel}","templated":true}]}}