
{"id":21225,"date":"2013-03-05T06:19:29","date_gmt":"2013-03-05T06:19:29","guid":{"rendered":"https:\/\/ujkafe.website\/?p=21225"},"modified":"2013-03-05T06:19:29","modified_gmt":"2013-03-05T06:19:29","slug":"panorama","status":"publish","type":"post","link":"https:\/\/ujkafe.website\/?p=21225","title":{"rendered":"Panor\u00e1ma"},"content":{"rendered":"<div id=\"attachment_21229\" style=\"width: 627px\" class=\"wp-caption alignnone\"><img loading=\"lazy\" decoding=\"async\" aria-describedby=\"caption-attachment-21229\" class=\" wp-image-21229\" alt=\"isztambul-palota\" src=\"https:\/\/ujkafe.website\/wp-content\/uploads\/2013\/03\/isztambul-palota.jpg\" width=\"617\" height=\"395\" srcset=\"https:\/\/ujkafe.website\/wp-content\/uploads\/2013\/03\/isztambul-palota.jpg 1028w, https:\/\/ujkafe.website\/wp-content\/uploads\/2013\/03\/isztambul-palota-300x192.jpg 300w, https:\/\/ujkafe.website\/wp-content\/uploads\/2013\/03\/isztambul-palota-1024x656.jpg 1024w\" sizes=\"auto, (max-width: 617px) 100vw, 617px\" \/><p id=\"caption-attachment-21229\" class=\"wp-caption-text\">Fot\u00f3 Sz\u00e1sz Adri\u00e1n<\/p><\/div>\n<p><strong>Sz\u00e1sz Adri\u00e1n<\/strong> energetikai m\u00e9rn\u00f6k sok\u00e1ig \u00e9lt Bukarestben, s szabad ideje nagy r\u00e9sz\u00e9t hobbij\u00e1nak, a fot\u00f3m\u0171v\u00e9szetnek szentelte. Ott tal\u00e1lhat\u00f3 a XX. sz\u00e1zad \u00f6tvenes-hatvanas \u00e9veinek klasszikus fot\u00f3sai k\u00f6z\u00f6tt, akik szinte k\u00f6telez\u0151 m\u00f3don vannak jelen minden jelent\u0151sebb orsz\u00e1gos vagy nemzetk\u00f6zi t\u00e1rlaton.<!--more--><\/p>\n<p>Egy j\u00f3 hangulat\u00fa otthoni l\u00e1togat\u00e1s ut\u00e1n term\u00e9keny kapcsolat alakult ki Sz\u00e1sz \u00e9s az El\u0151re k\u00f6z\u00f6tt. \u00c9let- \u00e9s riportk\u00e9pei mellett k\u00fcl\u00f6n\u00f6sen \u00e9rt\u00e9keltem \u00fatik\u00e9peit. Szerencs\u00e9nkre-szerencs\u00e9j\u00e9re, volt alkalma beutazni a vil\u00e1g j\u00f3 p\u00e1r orsz\u00e1g\u00e1t. Az itt l\u00e1that\u00f3 isztambuli palota kapuja csak egyike ama sz\u00e1mtalan fot\u00f3s tan\u00fas\u00e1g\u00e1nak, amivel kalandoz\u00e1sai nyom\u00e1n <a href=\"https:\/\/picasaweb.google.com\/kvaricsg\/SzaszAdrianUtazasok?authkey=Gv1sRgCOmmmtnhysuysAE#\"><em><strong>az El\u0151re arch\u00edvum\u00e1t gazdagon ell\u00e1tta<\/strong><\/em><\/a>. Sosem a k\u00e9p t\u00e1rgya a k\u00fcl\u00f6n\u00f6s, a saj\u00e1tos, az eredeti felv\u00e9telein, hanem a l\u00e1t\u00e1sm\u00f3d egy\u00e9nis\u00e9ge. Sz\u00e1szt p\u00e9ld\u00e1ul nem az Eiffel-torony grandi\u00f3zus felki\u00e1lt\u00f3jele \u00e9rdekli, hanem a b\u00e9kaperspekt\u00edva geometri\u00e1ja. New Yorkban nem a metr\u00f3utaz\u00e1s \u00e9letk\u00e9peit \u00f6r\u00f6k\u00edti meg, hanem egy agyonfirk\u00e1lt metr\u00f3kocsit. Rodin szoborcsoportj\u00e1b\u00f3l nem az eg\u00e9sz \u00e9rdekli, hanem hogy a m\u0171v\u00e9szet hogyan harmoniz\u00e1l a val\u00f3di n\u0151i sz\u00e9ps\u00e9ggel.<\/p>\n<p>Az isztambuli cs\u00e1sz\u00e1ri palota irre\u00e1lisan d\u00edszes, patin\u00e1s kertkapuja \u00e9s ker\u00edt\u00e9se, mely a h\u00e1nykol\u00f3d\u00f3 tengerre ny\u00edlik, mag\u00e1ban is m\u0171remek. Olyan fot\u00f3, amelyhez nem k\u00edv\u00e1\u00e9nkozik m\u00e9g 100 f\u00e9le, Isztambult \u00e1br\u00e1zol\u00f3 r\u00e9szlet, vari\u00e1ns. Benne van egy makrovil\u00e1g eg\u00e9sz l\u00e9nyege&#8230;<\/p>\n<p style=\"text-align: right;\"><em><strong>Cseke G\u00e1bor<\/strong><\/em><\/p>\n<p>(Forr\u00e1s: <a href=\"http:\/\/fototanu.blogspot.ro\">fot\u00f3tan\u00fa<\/a>)<\/p>\n","protected":false},"excerpt":{"rendered":"<p>Sz\u00e1sz Adri\u00e1n energetikai m\u00e9rn\u00f6k sok\u00e1ig \u00e9lt Bukarestben, s szabad ideje nagy r\u00e9sz\u00e9t hobbij\u00e1nak, a fot\u00f3m\u0171v\u00e9szetnek szentelte. Ott tal\u00e1lhat\u00f3 a XX. sz\u00e1zad \u00f6tvenes-hatvanas \u00e9veinek klasszikus fot\u00f3sai k\u00f6z\u00f6tt, akik szinte k\u00f6telez\u0151 m\u00f3don vannak jelen minden jelent\u0151sebb orsz\u00e1gos vagy nemzetk\u00f6zi t\u00e1rlaton.<\/p>\n","protected":false},"author":3,"featured_media":0,"comment_status":"open","ping_status":"open","sticky":false,"template":"","format":"standard","meta":{"_monsterinsights_skip_tracking":false,"_monsterinsights_sitenote_active":false,"_monsterinsights_sitenote_note":"","_monsterinsights_sitenote_category":0,"ngg_post_thumbnail":0,"footnotes":""},"categories":[5],"tags":[],"class_list":["post-21225","post","type-post","status-publish","format-standard","hentry","category-foto"],"_links":{"self":[{"href":"https:\/\/ujkafe.website\/index.php?rest_route=\/wp\/v2\/posts\/21225","targetHints":{"allow":["GET"]}}],"collection":[{"href":"https:\/\/ujkafe.website\/index.php?rest_route=\/wp\/v2\/posts"}],"about":[{"href":"https:\/\/ujkafe.website\/index.php?rest_route=\/wp\/v2\/types\/post"}],"author":[{"embeddable":true,"href":"https:\/\/ujkafe.website\/index.php?rest_route=\/wp\/v2\/users\/3"}],"replies":[{"embeddable":true,"href":"https:\/\/ujkafe.website\/index.php?rest_route=%2Fwp%2Fv2%2Fcomments&post=21225"}],"version-history":[{"count":0,"href":"https:\/\/ujkafe.website\/index.php?rest_route=\/wp\/v2\/posts\/21225\/revisions"}],"wp:attachment":[{"href":"https:\/\/ujkafe.website\/index.php?rest_route=%2Fwp%2Fv2%2Fmedia&parent=21225"}],"wp:term":[{"taxonomy":"category","embeddable":true,"href":"https:\/\/ujkafe.website\/index.php?rest_route=%2Fwp%2Fv2%2Fcategories&post=21225"},{"taxonomy":"post_tag","embeddable":true,"href":"https:\/\/ujkafe.website\/index.php?rest_route=%2Fwp%2Fv2%2Ftags&post=21225"}],"curies":[{"name":"wp","href":"https:\/\/api.w.org\/{rel}","templated":true}]}}