
{"id":21264,"date":"2013-03-06T12:33:25","date_gmt":"2013-03-06T12:33:25","guid":{"rendered":"https:\/\/ujkafe.website\/?p=21264"},"modified":"2013-03-06T12:35:46","modified_gmt":"2013-03-06T12:35:46","slug":"kavescseszem-25-daczo-katalin","status":"publish","type":"post","link":"https:\/\/ujkafe.website\/?p=21264","title":{"rendered":"K\u00e1v\u00e9scs\u00e9sz\u00e9m (26): Dacz\u00f3 Katalin"},"content":{"rendered":"<p><img loading=\"lazy\" decoding=\"async\" class=\"alignnone  wp-image-21269\" alt=\"csesze1\" src=\"https:\/\/ujkafe.website\/wp-content\/uploads\/2013\/03\/csesze1.jpg\" width=\"617\" height=\"463\" srcset=\"https:\/\/ujkafe.website\/wp-content\/uploads\/2013\/03\/csesze1.jpg 1028w, https:\/\/ujkafe.website\/wp-content\/uploads\/2013\/03\/csesze1-300x225.jpg 300w, https:\/\/ujkafe.website\/wp-content\/uploads\/2013\/03\/csesze1-1024x768.jpg 1024w\" sizes=\"auto, (max-width: 617px) 100vw, 617px\" \/><\/p>\n<p>\u00c9n ebb\u0151l a<em> senempoh\u00e1r\/senemcs\u00e9sze<\/em> ker\u00e1mia-dologb\u00f3l iszom a napi k\u00e1v\u00e9mat a munkahelyemen. Bevallom, nem korondi. P\u00e1rizsban vett\u00fck a f\u00e9rjemmel, t\u00edz\u00e9ves h\u00e1zask\u00e9nt, els\u0151 kettesben tett kir\u00e1ndul\u00e1sunkon. <!--more-->A francia f\u0151v\u00e1rosban jaurtot \u00e1rultak ezekben kettess\u00e9vel csomagolt a halv\u00e1nyk\u00e9k poharakban, s mi m\u00e1r akkor \u00fagy gondoltuk, itthon k\u00e1v\u00e9scs\u00e9sze lesz bel\u0151le.<br \/>\nam\u00edg el nem t\u00f6rik&#8230; \u00c9s \u00e1ltal\u00e1ban nem \u00fcres. de megmondan\u00e1 valaki, mi\u00e9rt mindig a n\u0151k f\u0151zik a k\u00e1v\u00e9t a munkahelyeken?<\/p>\n<p><img loading=\"lazy\" decoding=\"async\" class=\"alignnone  wp-image-21270\" alt=\"csesze2\" src=\"https:\/\/ujkafe.website\/wp-content\/uploads\/2013\/03\/csesze2.jpg\" width=\"370\" height=\"277\" srcset=\"https:\/\/ujkafe.website\/wp-content\/uploads\/2013\/03\/csesze2.jpg 1028w, https:\/\/ujkafe.website\/wp-content\/uploads\/2013\/03\/csesze2-300x224.jpg 300w, https:\/\/ujkafe.website\/wp-content\/uploads\/2013\/03\/csesze2-1024x765.jpg 1024w\" sizes=\"auto, (max-width: 370px) 100vw, 370px\" \/><\/p>\n","protected":false},"excerpt":{"rendered":"<p>\u00c9n ebb\u0151l a senempoh\u00e1r\/senemcs\u00e9sze ker\u00e1mia-dologb\u00f3l iszom a napi k\u00e1v\u00e9mat a munkahelyemen. Bevallom, nem korondi. P\u00e1rizsban vett\u00fck a f\u00e9rjemmel, t\u00edz\u00e9ves h\u00e1zask\u00e9nt, els\u0151 kettesben tett kir\u00e1ndul\u00e1sunkon.<\/p>\n","protected":false},"author":3,"featured_media":0,"comment_status":"open","ping_status":"open","sticky":false,"template":"","format":"standard","meta":{"_monsterinsights_skip_tracking":false,"_monsterinsights_sitenote_active":false,"_monsterinsights_sitenote_note":"","_monsterinsights_sitenote_category":0,"ngg_post_thumbnail":0,"footnotes":""},"categories":[5],"tags":[],"class_list":["post-21264","post","type-post","status-publish","format-standard","hentry","category-foto"],"_links":{"self":[{"href":"https:\/\/ujkafe.website\/index.php?rest_route=\/wp\/v2\/posts\/21264","targetHints":{"allow":["GET"]}}],"collection":[{"href":"https:\/\/ujkafe.website\/index.php?rest_route=\/wp\/v2\/posts"}],"about":[{"href":"https:\/\/ujkafe.website\/index.php?rest_route=\/wp\/v2\/types\/post"}],"author":[{"embeddable":true,"href":"https:\/\/ujkafe.website\/index.php?rest_route=\/wp\/v2\/users\/3"}],"replies":[{"embeddable":true,"href":"https:\/\/ujkafe.website\/index.php?rest_route=%2Fwp%2Fv2%2Fcomments&post=21264"}],"version-history":[{"count":0,"href":"https:\/\/ujkafe.website\/index.php?rest_route=\/wp\/v2\/posts\/21264\/revisions"}],"wp:attachment":[{"href":"https:\/\/ujkafe.website\/index.php?rest_route=%2Fwp%2Fv2%2Fmedia&parent=21264"}],"wp:term":[{"taxonomy":"category","embeddable":true,"href":"https:\/\/ujkafe.website\/index.php?rest_route=%2Fwp%2Fv2%2Fcategories&post=21264"},{"taxonomy":"post_tag","embeddable":true,"href":"https:\/\/ujkafe.website\/index.php?rest_route=%2Fwp%2Fv2%2Ftags&post=21264"}],"curies":[{"name":"wp","href":"https:\/\/api.w.org\/{rel}","templated":true}]}}