
{"id":21328,"date":"2013-03-09T08:42:43","date_gmt":"2013-03-09T08:42:43","guid":{"rendered":"https:\/\/ujkafe.website\/?p=21328"},"modified":"2013-03-09T08:42:43","modified_gmt":"2013-03-09T08:42:43","slug":"a-postas","status":"publish","type":"post","link":"https:\/\/ujkafe.website\/?p=21328","title":{"rendered":"A post\u00e1s"},"content":{"rendered":"<div id=\"attachment_21331\" style=\"width: 433px\" class=\"wp-caption alignnone\"><img loading=\"lazy\" decoding=\"async\" aria-describedby=\"caption-attachment-21331\" class=\" wp-image-21331\" alt=\"fototanu_66\" src=\"https:\/\/ujkafe.website\/wp-content\/uploads\/2013\/03\/fototanu_66.jpg\" width=\"423\" height=\"616\" srcset=\"https:\/\/ujkafe.website\/wp-content\/uploads\/2013\/03\/fototanu_66.jpg 604w, https:\/\/ujkafe.website\/wp-content\/uploads\/2013\/03\/fototanu_66-205x300.jpg 205w\" sizes=\"auto, (max-width: 423px) 100vw, 423px\" \/><p id=\"caption-attachment-21331\" class=\"wp-caption-text\">Haragos Zolt\u00e1n fot\u00f3ja<\/p><\/div>\n<p>Az \u00e9vtizedek \u00f3ta megsz\u0171nt \u00daj \u00c9let k\u00e9pes foly\u00f3irat fot\u00f3riporterek\u00e9nt \u00e9lhette ki legszebb f\u00e9rfikor\u00e1t Haragos Zolt\u00e1n Marosv\u00e1s\u00e1rhelyen, ami az\u00e9rt volt sz\u00e1m\u00e1ra j\u00f3, mert am\u00fagy szenved\u00e9llyel szerette \u00e9s \u0171zte a f\u00e9nyk\u00e9p\u00e9szetet.<\/p>\n<p>Legjobb k\u00e9pei &#8211; amelyek k\u00f6z\u00fcl t\u00f6bbet siker\u00fclt <a href=\"https:\/\/picasaweb.google.com\/kvaricsg\/HaragosZoltanPortfolio?authkey=Gv1sRgCI2m6JnV1uKKXA#\">az El\u0151re Napt\u00e1r portf\u00f3li\u00f3jak\u00e9nt \u00f6sszegy\u0171jteni<\/a> &#8211; annyira tiszt\u00e1n \u00e9s megszerkesztve \u0151rzik a huszadik sz\u00e1zad m\u00e1sodik fel\u00e9nek rom\u00e1niai val\u00f3s\u00e1g\u00e1t, k\u00e9pi berendezked\u00e9s\u00e9t, hogy m\u00e9g sok\u00e1ig fot\u00f3tan\u00fai lesznek a kornak.<!--more--><\/p>\n<p>Ak\u00e1r az itt l\u00e1that\u00f3 post\u00e1s, aki egy v\u00e1rbeli &#8211; Segesv\u00e1ron, Medgyesen, Szebenben, Brass\u00f3ban l\u00e9teznek m\u00e9g ilyen sik\u00e1torok &#8211; utc\u00e1n araszol f\u00f6lfel\u00e9, viszi az aznapi h\u00edreket \u00e9s \u00fczeneteket, oly kicsi az \u0151t k\u00f6r\u00fclburkol\u00f3 \u00e9s \u00e1rny\u00e9kba bor\u00edt\u00f3 f\u00e9nyben, mint egy bog\u00e1r, de m\u00e9gis k\u00f6zponti figur\u00e1ja a felv\u00e9telnek, hiszen rajta k\u00edv\u00fcl nincs is \u00e9let az utc\u00e1ban, csak a h\u00e1zak \u00e1llaga, a kapuk \u00e9s bej\u00e1ratok rendezetts\u00e9ge enged arra utalni, hogy van m\u00e9g kihez bekopogni a sik\u00e1tor hossz\u00e1n&#8230;<\/p>\n<p style=\"text-align: right;\"><strong><em>Cseke G\u00e1bor<\/em><\/strong><\/p>\n<p>(Forr\u00e1s: <a href=\"http:\/\/fototanu.blogspot.ro\">Fot\u00f3tan\u00fa<\/a>)<\/p>\n","protected":false},"excerpt":{"rendered":"<p>Az \u00e9vtizedek \u00f3ta megsz\u0171nt \u00daj \u00c9let k\u00e9pes foly\u00f3irat fot\u00f3riporterek\u00e9nt \u00e9lhette ki legszebb f\u00e9rfikor\u00e1t Haragos Zolt\u00e1n Marosv\u00e1s\u00e1rhelyen, ami az\u00e9rt volt sz\u00e1m\u00e1ra j\u00f3, mert am\u00fagy szenved\u00e9llyel szerette \u00e9s \u0171zte a f\u00e9nyk\u00e9p\u00e9szetet. Legjobb k\u00e9pei &#8211; amelyek k\u00f6z\u00fcl t\u00f6bbet siker\u00fclt az El\u0151re Napt\u00e1r portf\u00f3li\u00f3jak\u00e9nt \u00f6sszegy\u0171jteni &#8211; annyira tiszt\u00e1n \u00e9s megszerkesztve \u0151rzik a huszadik sz\u00e1zad m\u00e1sodik fel\u00e9nek rom\u00e1niai val\u00f3s\u00e1g\u00e1t, k\u00e9pi [&hellip;]<\/p>\n","protected":false},"author":3,"featured_media":0,"comment_status":"open","ping_status":"open","sticky":false,"template":"","format":"standard","meta":{"_monsterinsights_skip_tracking":false,"_monsterinsights_sitenote_active":false,"_monsterinsights_sitenote_note":"","_monsterinsights_sitenote_category":0,"ngg_post_thumbnail":0,"footnotes":""},"categories":[5],"tags":[],"class_list":["post-21328","post","type-post","status-publish","format-standard","hentry","category-foto"],"_links":{"self":[{"href":"https:\/\/ujkafe.website\/index.php?rest_route=\/wp\/v2\/posts\/21328","targetHints":{"allow":["GET"]}}],"collection":[{"href":"https:\/\/ujkafe.website\/index.php?rest_route=\/wp\/v2\/posts"}],"about":[{"href":"https:\/\/ujkafe.website\/index.php?rest_route=\/wp\/v2\/types\/post"}],"author":[{"embeddable":true,"href":"https:\/\/ujkafe.website\/index.php?rest_route=\/wp\/v2\/users\/3"}],"replies":[{"embeddable":true,"href":"https:\/\/ujkafe.website\/index.php?rest_route=%2Fwp%2Fv2%2Fcomments&post=21328"}],"version-history":[{"count":0,"href":"https:\/\/ujkafe.website\/index.php?rest_route=\/wp\/v2\/posts\/21328\/revisions"}],"wp:attachment":[{"href":"https:\/\/ujkafe.website\/index.php?rest_route=%2Fwp%2Fv2%2Fmedia&parent=21328"}],"wp:term":[{"taxonomy":"category","embeddable":true,"href":"https:\/\/ujkafe.website\/index.php?rest_route=%2Fwp%2Fv2%2Fcategories&post=21328"},{"taxonomy":"post_tag","embeddable":true,"href":"https:\/\/ujkafe.website\/index.php?rest_route=%2Fwp%2Fv2%2Ftags&post=21328"}],"curies":[{"name":"wp","href":"https:\/\/api.w.org\/{rel}","templated":true}]}}