
{"id":21372,"date":"2013-03-10T20:35:59","date_gmt":"2013-03-10T20:35:59","guid":{"rendered":"https:\/\/ujkafe.website\/?p=21372"},"modified":"2013-03-10T20:38:48","modified_gmt":"2013-03-10T20:38:48","slug":"pusztai-peter-archivumombol-1973","status":"publish","type":"post","link":"https:\/\/ujkafe.website\/?p=21372","title":{"rendered":"Pusztai P\u00e9ter: Arch\u00edvumomb\u00f3l (1973)"},"content":{"rendered":"<p><img loading=\"lazy\" decoding=\"async\" class=\" wp-image-21373\" alt=\"Arhivumb\u00f3l (1973)_a\" src=\"https:\/\/ujkafe.website\/wp-content\/uploads\/2013\/03\/Arhivumb\u00f3l-1973_a.jpg\" width=\"507\" height=\"521\" srcset=\"https:\/\/ujkafe.website\/wp-content\/uploads\/2013\/03\/Arhivumb\u00f3l-1973_a.jpg 634w, https:\/\/ujkafe.website\/wp-content\/uploads\/2013\/03\/Arhivumb\u00f3l-1973_a-292x300.jpg 292w\" sizes=\"auto, (max-width: 507px) 100vw, 507px\" \/><\/p>\n<p><em>Fot\u00f3s arch\u00edvumomban kotor\u00e1szv\u00e1n n\u00e9ha tal\u00e1lok ma is megfelel\u0151 min\u0151s\u00e9g\u0171 felv\u00e9telt, olyant, mint a mell\u00e9kelt &#8230;40 \u00e9ves&#8230; Portr\u00e9m alanya ma hatvanon fel\u00fcli n\u00e9ni lehet. Azzal a Rolleiflex-szel k\u00e9sz\u00fclt, amelyet az Ifj\u00famunk\u00e1s nyomott a kezembe 71-ben. Eml\u00e9kezetes esztend\u0151. Ma is az az egyetlen g\u00e9pm\u00e1rka, amelyikkel besz\u00e9lni tudok. Ha keres\u0151j\u00e9t olyan kiv\u00e1g\u00e1s\u00fa t\u00e9m\u00e1ra ir\u00e1ny\u00edtom amely neki nem tetszik sz\u00f3l, hogy P\u00e9ter, most \u00a0NE nyomd meg az expon\u00e1l\u00f3 gombomat. \u00cdgy tanultam meg azt, hogy mit NE f\u00e9nyk\u00e9pezzek. \u00a0Sajnos azt nem \u00e1rulja el, hogy mit.<\/em><\/p>\n","protected":false},"excerpt":{"rendered":"<p>Fot\u00f3s arch\u00edvumomban kotor\u00e1szv\u00e1n n\u00e9ha tal\u00e1lok ma is megfelel\u0151 min\u0151s\u00e9g\u0171 felv\u00e9telt, olyant, mint a mell\u00e9kelt &#8230;40 \u00e9ves&#8230; Portr\u00e9m alanya ma hatvanon fel\u00fcli n\u00e9ni lehet. Azzal a Rolleiflex-szel k\u00e9sz\u00fclt, amelyet az Ifj\u00famunk\u00e1s nyomott a kezembe 71-ben. Eml\u00e9kezetes esztend\u0151. Ma is az az egyetlen g\u00e9pm\u00e1rka, amelyikkel besz\u00e9lni tudok. Ha keres\u0151j\u00e9t olyan kiv\u00e1g\u00e1s\u00fa t\u00e9m\u00e1ra ir\u00e1ny\u00edtom amely neki nem tetszik [&hellip;]<\/p>\n","protected":false},"author":3,"featured_media":0,"comment_status":"open","ping_status":"open","sticky":false,"template":"","format":"standard","meta":{"_monsterinsights_skip_tracking":false,"_monsterinsights_sitenote_active":false,"_monsterinsights_sitenote_note":"","_monsterinsights_sitenote_category":0,"ngg_post_thumbnail":0,"footnotes":""},"categories":[5],"tags":[],"class_list":["post-21372","post","type-post","status-publish","format-standard","hentry","category-foto"],"_links":{"self":[{"href":"https:\/\/ujkafe.website\/index.php?rest_route=\/wp\/v2\/posts\/21372","targetHints":{"allow":["GET"]}}],"collection":[{"href":"https:\/\/ujkafe.website\/index.php?rest_route=\/wp\/v2\/posts"}],"about":[{"href":"https:\/\/ujkafe.website\/index.php?rest_route=\/wp\/v2\/types\/post"}],"author":[{"embeddable":true,"href":"https:\/\/ujkafe.website\/index.php?rest_route=\/wp\/v2\/users\/3"}],"replies":[{"embeddable":true,"href":"https:\/\/ujkafe.website\/index.php?rest_route=%2Fwp%2Fv2%2Fcomments&post=21372"}],"version-history":[{"count":0,"href":"https:\/\/ujkafe.website\/index.php?rest_route=\/wp\/v2\/posts\/21372\/revisions"}],"wp:attachment":[{"href":"https:\/\/ujkafe.website\/index.php?rest_route=%2Fwp%2Fv2%2Fmedia&parent=21372"}],"wp:term":[{"taxonomy":"category","embeddable":true,"href":"https:\/\/ujkafe.website\/index.php?rest_route=%2Fwp%2Fv2%2Fcategories&post=21372"},{"taxonomy":"post_tag","embeddable":true,"href":"https:\/\/ujkafe.website\/index.php?rest_route=%2Fwp%2Fv2%2Ftags&post=21372"}],"curies":[{"name":"wp","href":"https:\/\/api.w.org\/{rel}","templated":true}]}}