
{"id":21481,"date":"2013-03-16T18:45:39","date_gmt":"2013-03-16T18:45:39","guid":{"rendered":"https:\/\/ujkafe.website\/?p=21481"},"modified":"2013-03-16T18:45:39","modified_gmt":"2013-03-16T18:45:39","slug":"erdelyi-klasszikusok","status":"publish","type":"post","link":"https:\/\/ujkafe.website\/?p=21481","title":{"rendered":"Erd\u00e9lyi klasszikusok"},"content":{"rendered":"<p><img loading=\"lazy\" decoding=\"async\" class=\"alignnone  wp-image-21485\" alt=\"fototanu_74\" src=\"https:\/\/ujkafe.website\/wp-content\/uploads\/2013\/03\/fototanu_74.jpg\" width=\"617\" height=\"416\" srcset=\"https:\/\/ujkafe.website\/wp-content\/uploads\/2013\/03\/fototanu_74.jpg 1028w, https:\/\/ujkafe.website\/wp-content\/uploads\/2013\/03\/fototanu_74-300x202.jpg 300w, https:\/\/ujkafe.website\/wp-content\/uploads\/2013\/03\/fototanu_74-1024x690.jpg 1024w\" sizes=\"auto, (max-width: 617px) 100vw, 617px\" \/><\/p>\n<p>H\u00e1rman s\u00e9t\u00e1lnak a nevezetes H\u00e1da parkban, valahol Arad k\u00f6rny\u00e9k\u00e9n, a v\u00e1ndorbottal a kez\u00e9ben: Kuncz Alad\u00e1r l\u00e1that\u00f3, A fekete kolostor \u00f6r\u00f6k\u00e9let\u0171 szerz\u0151je. Mintha var\u00e1zsvessz\u0151 lenne a kez\u00e9ben, amivel vizet vagy kincset keres. Pedig csak t\u0171n\u0151d\u0151 gondolataihoz keresett s tal\u00e1lt pr\u00f3zai t\u00e1maszt.<!--more--><\/p>\n<p>Mellette, a k\u00e9p k\u00f6zep\u00e9n: az &#8222;\u00f6reg&#8221; K\u00f3s, vagyis K\u00f3s K\u00e1roly, a Ki\u00e1lt\u00f3 sz\u00f3 \u00e9letreh\u00edv\u00f3ja, a transzszilvanizmus kiteljes\u00edt\u0151je \u00e9s zseni\u00e1lis modellez\u0151je, s h\u00e1tr\u00e9bb, mintegy n\u00e9mileg gondban \u00e9s t\u00e9rben is leszakadva, gr. Teleki \u00c1d\u00e1m k\u00f6veti \u0151ket, a Teleki csal\u00e1d huszadik sz\u00e1zadi lesz\u00e1rmazottja, a jeles d\u00e9lerd\u00e9lyi politikus, aki Olosz Lajos bar\u00e1tja volt. Tulajdonk\u00e9ppen az Olosz birtokon vend\u00e9geskedtek e jeles szem\u00e9lyek, amikor lekapt\u00e1k \u0151ket. Az ekkor k\u00e9sz\u00fclt <strong><a href=\"https:\/\/picasaweb.google.com\/kvaricsg\/OloszLajosBaratai?authkey=Gv1sRgCK7yr4qEksr5dA#\">f\u00e9ltucatnyi fot\u00f3 h\u00edven \u0151rzi a kor nagyjait<\/a><\/strong>, meghat\u00e1roz\u00f3 szem\u00e9lyis\u00e9geit, k\u00f6szt\u00fck a h\u00e1zigazd\u00e1t is \u00e9s \u00f6ccs\u00e9t, a fiatal Egont. Aki e fot\u00f3kat (ismeretlen\u00fcl) k\u00e9sz\u00edtette,\u00a0bennfentes\u00a0lehetett \u00e9s a fot\u00f3masina avatott kezel\u0151je. Tal\u00e1n nem m\u0171v\u00e9sz, de fotogr\u00e1fus mindenk\u00e9ppen.<\/p>\n<p style=\"text-align: right;\"><em><strong>Cseke G\u00e1bor<\/strong><\/em><\/p>\n<p>(Forr\u00e1s: <a href=\"http:\/\/fototanu.blogspot.ro\">Fot\u00f3tan\u00fa<\/a>)<\/p>\n","protected":false},"excerpt":{"rendered":"<p>H\u00e1rman s\u00e9t\u00e1lnak a nevezetes H\u00e1da parkban, valahol Arad k\u00f6rny\u00e9k\u00e9n, a v\u00e1ndorbottal a kez\u00e9ben: Kuncz Alad\u00e1r l\u00e1that\u00f3, A fekete kolostor \u00f6r\u00f6k\u00e9let\u0171 szerz\u0151je. Mintha var\u00e1zsvessz\u0151 lenne a kez\u00e9ben, amivel vizet vagy kincset keres. Pedig csak t\u0171n\u0151d\u0151 gondolataihoz keresett s tal\u00e1lt pr\u00f3zai t\u00e1maszt.<\/p>\n","protected":false},"author":3,"featured_media":0,"comment_status":"open","ping_status":"open","sticky":false,"template":"","format":"standard","meta":{"_monsterinsights_skip_tracking":false,"_monsterinsights_sitenote_active":false,"_monsterinsights_sitenote_note":"","_monsterinsights_sitenote_category":0,"ngg_post_thumbnail":0,"footnotes":""},"categories":[5],"tags":[],"class_list":["post-21481","post","type-post","status-publish","format-standard","hentry","category-foto"],"_links":{"self":[{"href":"https:\/\/ujkafe.website\/index.php?rest_route=\/wp\/v2\/posts\/21481","targetHints":{"allow":["GET"]}}],"collection":[{"href":"https:\/\/ujkafe.website\/index.php?rest_route=\/wp\/v2\/posts"}],"about":[{"href":"https:\/\/ujkafe.website\/index.php?rest_route=\/wp\/v2\/types\/post"}],"author":[{"embeddable":true,"href":"https:\/\/ujkafe.website\/index.php?rest_route=\/wp\/v2\/users\/3"}],"replies":[{"embeddable":true,"href":"https:\/\/ujkafe.website\/index.php?rest_route=%2Fwp%2Fv2%2Fcomments&post=21481"}],"version-history":[{"count":0,"href":"https:\/\/ujkafe.website\/index.php?rest_route=\/wp\/v2\/posts\/21481\/revisions"}],"wp:attachment":[{"href":"https:\/\/ujkafe.website\/index.php?rest_route=%2Fwp%2Fv2%2Fmedia&parent=21481"}],"wp:term":[{"taxonomy":"category","embeddable":true,"href":"https:\/\/ujkafe.website\/index.php?rest_route=%2Fwp%2Fv2%2Fcategories&post=21481"},{"taxonomy":"post_tag","embeddable":true,"href":"https:\/\/ujkafe.website\/index.php?rest_route=%2Fwp%2Fv2%2Ftags&post=21481"}],"curies":[{"name":"wp","href":"https:\/\/api.w.org\/{rel}","templated":true}]}}