
{"id":21536,"date":"2013-03-18T19:10:05","date_gmt":"2013-03-18T19:10:05","guid":{"rendered":"https:\/\/ujkafe.website\/?p=21536"},"modified":"2013-03-18T19:11:37","modified_gmt":"2013-03-18T19:11:37","slug":"nagypali","status":"publish","type":"post","link":"https:\/\/ujkafe.website\/?p=21536","title":{"rendered":"Nagypali"},"content":{"rendered":"<div id=\"attachment_21539\" style=\"width: 624px\" class=\"wp-caption alignnone\"><img loading=\"lazy\" decoding=\"async\" aria-describedby=\"caption-attachment-21539\" class=\" wp-image-21539\" alt=\"nagypali6\" src=\"https:\/\/ujkafe.website\/wp-content\/uploads\/2013\/03\/nagypali6.jpg\" width=\"614\" height=\"446\" srcset=\"https:\/\/ujkafe.website\/wp-content\/uploads\/2013\/03\/nagypali6.jpg 1024w, https:\/\/ujkafe.website\/wp-content\/uploads\/2013\/03\/nagypali6-300x217.jpg 300w\" sizes=\"auto, (max-width: 614px) 100vw, 614px\" \/><p id=\"caption-attachment-21539\" class=\"wp-caption-text\"><em>Pusztai P\u00e9ter fot\u00f3i, 1975 (&#8222;m\u00f3k\u00e1s kedv\u00fcnkben, a R\u00f3zs\u00e1k tere 10. sz\u00e1m alatti oszt\u00e1lyunkban&#8221;)<\/em><\/p><\/div>\n<p>Ez a n\u00e9v ma m\u00e1r fogalom. Legal\u00e1bb is itt, Erd\u00e9lyben az. Hogy meddig, az a j\u00f6v\u0151 titka &#8211; de addig bizonyosan, m\u00edg tan\u00edtv\u00e1nyai \u00e9lnek \u00e9s eml\u00e9k\u00e9t, p\u00e9ld\u00e1j\u00e1t \u00e9ltetik. Ma m\u00e9g vannak elegen.<\/p>\n<p>Egy r\u00e9sz\u00fck ott volt a ma este megny\u00edlott cs\u00edkszeredai eml\u00e9kki\u00e1ll\u00edt\u00e1son.<!--more--> K\u00f6z\u00fcl\u00fck M\u00e1rton \u00c1rp\u00e1dnak jutott az a megtiszteltet\u00e9s, hogy volt tan\u00e1r\u00e1ra eml\u00e9kezzen, s ugyanolyan melegs\u00e9ggel, k\u00f6zvetlens\u00e9ggel tette, mint a tegnap id\u00e9zett besz\u00e9lget\u0151k\u00f6nyvben.<\/p>\n<p>A cs\u00edkszeredai P\u00e1l Aukci\u00f3s \u00e9s Ki\u00e1ll\u00edt\u00f3h\u00e1z h\u00e1rom term\u00e9ben Nagy P\u00e1l \u00e9letm\u0171v\u00e9nek h\u00e1rom vonulata is helyet kapott: a bej\u00e1rat fel\u0151l ny\u00edl\u00f3 szob\u00e1ban a Buja form\u00e1k darabjai voltak l\u00e1that\u00f3k, a jobboldali teremben az \u00f6narck\u00e9pek \u00e9s a T\u00fck\u00f6r c. k\u00e9pes foly\u00f3irat oldalaib\u00f3l kialak\u00edtott koll\u00e1zsok \u00e9s sz\u00f6vegmont\u00e1zsok f\u00fcggtek, m\u00edg egy bels\u0151 szob\u00e1ban a festm\u00e9nyek k\u00f6z\u00fcl n\u00e9h\u00e1ny fat\u00f69rzs, egy portr\u00e9 \u00e9s egy csod\u00e1latos t\u00e9li ragyog\u00e1sban \u00e1ll\u00f3, a feh\u00e9r k\u00fcl\u00f6nb\u00f6z\u0151 \u00e1rnyalataival felfestett fa\u00f3ri\u00e1s.<\/p>\n<p>Szinte egy\u00f6ntet\u0171 volt a cinkos meg\u00e1llap\u00edt\u00e1s: ha az ember tehetn\u00e9, a t\u00e1rlatnyit\u00f3 v\u00e9g\u00e9n h\u00f3na al\u00e1 csapn\u00e1 ezt a k\u00e9pet \u00e9s boldogan kis\u00e9t\u00e1lna vele a cs\u00edki est\u00e9be &#8211; nem is kellene enn\u00e9l nagyobb \u00f6r\u00f6m.<\/p>\n<p>De maradjunk j\u00f3zanok &#8211; intem le magamat, s a t\u00e1rlat katal\u00f3gus\u00e1ba lapozva hirtelen f\u00f6lfedezek Nagy P\u00e1lr\u00f3l k\u00e9sz\u00edtett k\u00e9t portr\u00e9t, amelyek valahogy nagyon ismer\u0151sek a sz\u00e1momra. A katal\u00f3gusban egy sz\u00f3 sincs a k\u00e9pek szerz\u0151j\u00e9r\u0151l. Pedig nem ak\u00e1rki k\u00e9sz\u00edtette azokat a gondtalan \u00e9s megism\u00e9telhetetlen pillanatfelv\u00e9teleket, mint egy m\u00e1sik tan\u00edtv\u00e1ny, a Kanad\u00e1ban \u00e9l\u0151 Pusztai P\u00e9ter, aki p\u00e1r \u00e9vvel ezel\u0151tt arch\u00edvum\u00e1b\u00f3l kereste ki s k\u00fcldte el ezeket az 1975-ben &#8222;m\u00f3k\u00e1s kedv\u00fcnkben, a R\u00f3zs\u00e1k tere 10. sz\u00e1m alatti oszt\u00e1lyunkban&#8221; k\u00e9sz\u00fclt fot\u00f3kat.<\/p>\n<p>Nagy P\u00e1l eg\u00e9sz nemzed\u00e9keket vitt v\u00e9gig az iskol\u00e1ban, eg\u00e9szen 1979 nyar\u00e1ig, amikor is feles\u00e9g\u00e9vel \u00e9s egy koll\u00e9gan\u0151j\u00fckkel hal\u00e1los aut\u00f3balesetet szenvedtek Erd\u0151szentgy\u00f6rgy hat\u00e1r\u00e1ban. A korai, \u00e9rtelmetlen hal\u00e1l m\u00e9g csak tet\u00e9zett egyet a legenda aur\u00e1j\u00e1n, de a l\u00e9nyeget nem befoly\u00e1solta: Nagy P\u00e1l ut\u00e1n olyan eszt\u00e9tikai \u00e9rt\u00e9k\u0171 k\u00e9zik\u00f6nyv maradt, mely ma is k\u00f6zk\u00e9zen forog (Barangol\u00e1saim a k\u00e9pz\u0151m\u0171v\u00e9szetben, Bukarest, 1979 \u00e9s Budapest, 1999).<\/p>\n<p>Pusztai P\u00e9ter igen \u00e9rt\u00e9kes, szem\u00e9lyis\u00e9g-id\u00e9z\u0151 k\u00e9pi dokumentumai nem csak a kegyelet ok\u00e1n fontosak: j\u00f3l mutatj\u00e1k azt a r\u00e1\u00e9rz\u0151 k\u00e9pess\u00e9get, ami az akkor m\u00e9g grafikusnak k\u00e9sz\u00fcl\u0151 tanul\u00f3b\u00f3l nem is olyan sokkal el\u0151h\u00edvta \u00e9s nagyra n\u00f6vesztette a fotogr\u00e1fia &#8222;kis\u00f6rd\u00f6g\u00e9t&#8221;&#8230;<\/p>\n<p style=\"text-align: right;\"><em><strong>Cseke G\u00e1bor<\/strong><\/em><\/p>\n","protected":false},"excerpt":{"rendered":"<p>Ez a n\u00e9v ma m\u00e1r fogalom. Legal\u00e1bb is itt, Erd\u00e9lyben az. Hogy meddig, az a j\u00f6v\u0151 titka &#8211; de addig bizonyosan, m\u00edg tan\u00edtv\u00e1nyai \u00e9lnek \u00e9s eml\u00e9k\u00e9t, p\u00e9ld\u00e1j\u00e1t \u00e9ltetik. Ma m\u00e9g vannak elegen. Egy r\u00e9sz\u00fck ott volt a ma este megny\u00edlott cs\u00edkszeredai eml\u00e9kki\u00e1ll\u00edt\u00e1son.<\/p>\n","protected":false},"author":3,"featured_media":0,"comment_status":"open","ping_status":"open","sticky":false,"template":"","format":"standard","meta":{"_monsterinsights_skip_tracking":false,"_monsterinsights_sitenote_active":false,"_monsterinsights_sitenote_note":"","_monsterinsights_sitenote_category":0,"ngg_post_thumbnail":0,"footnotes":""},"categories":[120,5],"tags":[],"class_list":["post-21536","post","type-post","status-publish","format-standard","hentry","category-essze","category-foto"],"_links":{"self":[{"href":"https:\/\/ujkafe.website\/index.php?rest_route=\/wp\/v2\/posts\/21536","targetHints":{"allow":["GET"]}}],"collection":[{"href":"https:\/\/ujkafe.website\/index.php?rest_route=\/wp\/v2\/posts"}],"about":[{"href":"https:\/\/ujkafe.website\/index.php?rest_route=\/wp\/v2\/types\/post"}],"author":[{"embeddable":true,"href":"https:\/\/ujkafe.website\/index.php?rest_route=\/wp\/v2\/users\/3"}],"replies":[{"embeddable":true,"href":"https:\/\/ujkafe.website\/index.php?rest_route=%2Fwp%2Fv2%2Fcomments&post=21536"}],"version-history":[{"count":0,"href":"https:\/\/ujkafe.website\/index.php?rest_route=\/wp\/v2\/posts\/21536\/revisions"}],"wp:attachment":[{"href":"https:\/\/ujkafe.website\/index.php?rest_route=%2Fwp%2Fv2%2Fmedia&parent=21536"}],"wp:term":[{"taxonomy":"category","embeddable":true,"href":"https:\/\/ujkafe.website\/index.php?rest_route=%2Fwp%2Fv2%2Fcategories&post=21536"},{"taxonomy":"post_tag","embeddable":true,"href":"https:\/\/ujkafe.website\/index.php?rest_route=%2Fwp%2Fv2%2Ftags&post=21536"}],"curies":[{"name":"wp","href":"https:\/\/api.w.org\/{rel}","templated":true}]}}