
{"id":21583,"date":"2013-03-20T15:05:55","date_gmt":"2013-03-20T15:05:55","guid":{"rendered":"https:\/\/ujkafe.website\/?p=21583"},"modified":"2013-03-20T15:06:56","modified_gmt":"2013-03-20T15:06:56","slug":"vasari-gyorsfenykep","status":"publish","type":"post","link":"https:\/\/ujkafe.website\/?p=21583","title":{"rendered":"V\u00e1s\u00e1ri gyorsf\u00e9nyk\u00e9p"},"content":{"rendered":"<div id=\"attachment_21588\" style=\"width: 627px\" class=\"wp-caption alignnone\"><img loading=\"lazy\" decoding=\"async\" aria-describedby=\"caption-attachment-21588\" class=\" wp-image-21588\" alt=\"fototanu_75\" src=\"https:\/\/ujkafe.website\/wp-content\/uploads\/2013\/03\/fototanu_75.jpg\" width=\"617\" height=\"373\" srcset=\"https:\/\/ujkafe.website\/wp-content\/uploads\/2013\/03\/fototanu_75.jpg 1028w, https:\/\/ujkafe.website\/wp-content\/uploads\/2013\/03\/fototanu_75-300x181.jpg 300w, https:\/\/ujkafe.website\/wp-content\/uploads\/2013\/03\/fototanu_75-1024x619.jpg 1024w\" sizes=\"auto, (max-width: 617px) 100vw, 617px\" \/><p id=\"caption-attachment-21588\" class=\"wp-caption-text\">Romfeld \u00c1kos fot\u00f3ja<\/p><\/div>\n<p>Gyerekkorom Szov\u00e1t\u00e1j\u00e1ra eml\u00e9keztet ez a k\u00e9p. Nem tudom, hol f\u00e9nyk\u00e9pezte Romfeld \u00c1kos, ha megk\u00e9rdezn\u00e9m t\u0151le, biztosan megmondan\u00e1, de ahogy a kit\u00f6m\u00f6tt oroszl\u00e1n fintor\u00e1b\u00f3l l\u00e1tni &#8211; amely \u00e9ppen olyan, mint a v\u00e1s\u00e1ri fotogr\u00e1fus bamba arckifejez\u00e9se -, valamilyen \u00e1lmos kisv\u00e1rosi f\u00fcrd\u0151helyen bukkanhatott erre a l\u00e1tv\u00e1nyra,<!--more--> tal\u00e1n Borsz\u00e9ken, tal\u00e1n Tusn\u00e1df\u00fcrd\u0151n, tal\u00e1n egyik helyen sem, de nem \u00e9rdekes, mert csak a pillanat sz\u00e1m\u00edt, amit elkapott, amib\u0151l messzire sug\u00e1rzik a vil\u00e1g kiszolg\u00e1ltatotts\u00e1ga az el\u0151t\u00e9rben l\u00e9v\u0151 h\u00e1rom t\u00e9nyez\u0151nek: a fotogr\u00e1fusnak, az oroszl\u00e1nnak \u00e9s a h\u00e1roml\u00e1bon \u00e1ll\u00f3, r\u00e9gim\u00f3di kamer\u00e1nak. Na, meg az \u00e1llv\u00e1ny l\u00e1b\u00e1n l\u00f3g\u00f3 n\u00e1jlonpung\u00e1nak, ahov\u00e1 a p\u00e9nz ker\u00fcl. Ha ker\u00fcl&#8230;<\/p>\n<p style=\"text-align: right;\"><em><strong>Cseke G\u00e1bor<\/strong><\/em><\/p>\n<p>(Forr\u00e1s: <a href=\"http:\/\/fototanu.blogspot.com\"><em>Fot\u00f3tan\u00fa<\/em><\/a>)<\/p>\n","protected":false},"excerpt":{"rendered":"<p>Gyerekkorom Szov\u00e1t\u00e1j\u00e1ra eml\u00e9keztet ez a k\u00e9p. Nem tudom, hol f\u00e9nyk\u00e9pezte Romfeld \u00c1kos, ha megk\u00e9rdezn\u00e9m t\u0151le, biztosan megmondan\u00e1, de ahogy a kit\u00f6m\u00f6tt oroszl\u00e1n fintor\u00e1b\u00f3l l\u00e1tni &#8211; amely \u00e9ppen olyan, mint a v\u00e1s\u00e1ri fotogr\u00e1fus bamba arckifejez\u00e9se -, valamilyen \u00e1lmos kisv\u00e1rosi f\u00fcrd\u0151helyen bukkanhatott erre a l\u00e1tv\u00e1nyra,<\/p>\n","protected":false},"author":3,"featured_media":0,"comment_status":"open","ping_status":"open","sticky":false,"template":"","format":"standard","meta":{"_monsterinsights_skip_tracking":false,"_monsterinsights_sitenote_active":false,"_monsterinsights_sitenote_note":"","_monsterinsights_sitenote_category":0,"ngg_post_thumbnail":0,"footnotes":""},"categories":[5],"tags":[],"class_list":["post-21583","post","type-post","status-publish","format-standard","hentry","category-foto"],"_links":{"self":[{"href":"https:\/\/ujkafe.website\/index.php?rest_route=\/wp\/v2\/posts\/21583","targetHints":{"allow":["GET"]}}],"collection":[{"href":"https:\/\/ujkafe.website\/index.php?rest_route=\/wp\/v2\/posts"}],"about":[{"href":"https:\/\/ujkafe.website\/index.php?rest_route=\/wp\/v2\/types\/post"}],"author":[{"embeddable":true,"href":"https:\/\/ujkafe.website\/index.php?rest_route=\/wp\/v2\/users\/3"}],"replies":[{"embeddable":true,"href":"https:\/\/ujkafe.website\/index.php?rest_route=%2Fwp%2Fv2%2Fcomments&post=21583"}],"version-history":[{"count":0,"href":"https:\/\/ujkafe.website\/index.php?rest_route=\/wp\/v2\/posts\/21583\/revisions"}],"wp:attachment":[{"href":"https:\/\/ujkafe.website\/index.php?rest_route=%2Fwp%2Fv2%2Fmedia&parent=21583"}],"wp:term":[{"taxonomy":"category","embeddable":true,"href":"https:\/\/ujkafe.website\/index.php?rest_route=%2Fwp%2Fv2%2Fcategories&post=21583"},{"taxonomy":"post_tag","embeddable":true,"href":"https:\/\/ujkafe.website\/index.php?rest_route=%2Fwp%2Fv2%2Ftags&post=21583"}],"curies":[{"name":"wp","href":"https:\/\/api.w.org\/{rel}","templated":true}]}}