
{"id":21640,"date":"2013-03-22T06:22:11","date_gmt":"2013-03-22T06:22:11","guid":{"rendered":"https:\/\/ujkafe.website\/?p=21640"},"modified":"2013-03-22T06:22:11","modified_gmt":"2013-03-22T06:22:11","slug":"szureti-balosok","status":"publish","type":"post","link":"https:\/\/ujkafe.website\/?p=21640","title":{"rendered":"Sz\u00fcreti b\u00e1losok"},"content":{"rendered":"<p><img loading=\"lazy\" decoding=\"async\" class=\"alignnone  wp-image-21646\" alt=\"fototanu_76\" src=\"https:\/\/ujkafe.website\/wp-content\/uploads\/2013\/03\/fototanu_76.jpg\" width=\"617\" height=\"412\" srcset=\"https:\/\/ujkafe.website\/wp-content\/uploads\/2013\/03\/fototanu_76.jpg 1028w, https:\/\/ujkafe.website\/wp-content\/uploads\/2013\/03\/fototanu_76-300x200.jpg 300w, https:\/\/ujkafe.website\/wp-content\/uploads\/2013\/03\/fototanu_76-1024x684.jpg 1024w\" sizes=\"auto, (max-width: 617px) 100vw, 617px\" \/><\/p>\n<p>Gyimesi arch\u00edv, csal\u00e1di tulajdonban l\u00e9v\u0151 fot\u00f3r\u00f3l az id\u0151 sz\u00e9pi\u00e1j\u00e1val n\u00e9z re\u00e1nk a gyimesi b\u00e1lba k\u00e9sz\u00fcl\u0151k d\u00edszes t\u00e1rsas\u00e1ga. M\u00e9ghozz\u00e1 nem is ak\u00e1rmilyen t\u00e1ncmulats\u00e1gra: sz\u00fcreti b\u00e1lra indultak viseletben, muzsik\u00e1val a fiatalok. <!--more-->Valaki el is t\u00e9pte ezt a fot\u00f3t, mintha haragudott volna r\u00e1 valami\u00e9rt, vagy el akarta h\u00e1nyni mint \u00e9rt\u00e9ktelen kacatot, de azt\u00e1n valahogy meggondolta mag\u00e1t&#8230;<\/p>\n<p>Mi\u00e9rt is \u00fcnnepli a sz\u0151l\u0151 betakar\u00edt\u00e1s\u00e1t a hegyvid\u00e9ki ember, aki sz\u0151l\u0151t csak akkor l\u00e1t, ha a v\u00e1rosban megveszi a piacon vagy az \u00fczletben, esetleg elutazik a t\u00e1volabbi domb- \u00e9s s\u00edkvid\u00e9kre? Tal\u00e1n \u00e9ppen a s\u00f3v\u00e1rg\u00e1s, a v\u00e1gyakoz\u00e1s az, ami a venyig\u00e9n termett f\u00fcrt\u00f6ket \u00e9rt\u00e9kess\u00e9 teszi el\u0151tte? A k\u00e9phez f\u0171z\u00f6tt magyar\u00e1zat a lehet\u0151 legpr\u00f3zaibb, de tartozunk vele az igazs\u00e1gnak: &#8222;c\u00edme: <em>Sz\u00fcreti b\u00e1losok (1970 k\u00f6r\u00fcl?), forr\u00e1sa Csal\u00e1di album &#8211; Kar\u00e1csonyn\u00e9 Tim\u00e1r \u00c9va (sz. 1952); lakhely: Hidegs\u00e9g (Gyimesk\u00f6z\u00e9plok, Hargita megye).&#8221;<\/em><\/p>\n<p style=\"text-align: right;\"><em><strong>Cseke G\u00e1bor<\/strong><\/em><\/p>\n<p>(Forr\u00e1s: <a href=\"http:\/\/fototanu.blogspot.ro\">Fot\u00f3tan\u00fa<\/a>)<\/p>\n","protected":false},"excerpt":{"rendered":"<p>Gyimesi arch\u00edv, csal\u00e1di tulajdonban l\u00e9v\u0151 fot\u00f3r\u00f3l az id\u0151 sz\u00e9pi\u00e1j\u00e1val n\u00e9z re\u00e1nk a gyimesi b\u00e1lba k\u00e9sz\u00fcl\u0151k d\u00edszes t\u00e1rsas\u00e1ga. M\u00e9ghozz\u00e1 nem is ak\u00e1rmilyen t\u00e1ncmulats\u00e1gra: sz\u00fcreti b\u00e1lra indultak viseletben, muzsik\u00e1val a fiatalok.<\/p>\n","protected":false},"author":3,"featured_media":0,"comment_status":"open","ping_status":"open","sticky":false,"template":"","format":"standard","meta":{"_monsterinsights_skip_tracking":false,"_monsterinsights_sitenote_active":false,"_monsterinsights_sitenote_note":"","_monsterinsights_sitenote_category":0,"ngg_post_thumbnail":0,"footnotes":""},"categories":[5],"tags":[],"class_list":["post-21640","post","type-post","status-publish","format-standard","hentry","category-foto"],"_links":{"self":[{"href":"https:\/\/ujkafe.website\/index.php?rest_route=\/wp\/v2\/posts\/21640","targetHints":{"allow":["GET"]}}],"collection":[{"href":"https:\/\/ujkafe.website\/index.php?rest_route=\/wp\/v2\/posts"}],"about":[{"href":"https:\/\/ujkafe.website\/index.php?rest_route=\/wp\/v2\/types\/post"}],"author":[{"embeddable":true,"href":"https:\/\/ujkafe.website\/index.php?rest_route=\/wp\/v2\/users\/3"}],"replies":[{"embeddable":true,"href":"https:\/\/ujkafe.website\/index.php?rest_route=%2Fwp%2Fv2%2Fcomments&post=21640"}],"version-history":[{"count":0,"href":"https:\/\/ujkafe.website\/index.php?rest_route=\/wp\/v2\/posts\/21640\/revisions"}],"wp:attachment":[{"href":"https:\/\/ujkafe.website\/index.php?rest_route=%2Fwp%2Fv2%2Fmedia&parent=21640"}],"wp:term":[{"taxonomy":"category","embeddable":true,"href":"https:\/\/ujkafe.website\/index.php?rest_route=%2Fwp%2Fv2%2Fcategories&post=21640"},{"taxonomy":"post_tag","embeddable":true,"href":"https:\/\/ujkafe.website\/index.php?rest_route=%2Fwp%2Fv2%2Ftags&post=21640"}],"curies":[{"name":"wp","href":"https:\/\/api.w.org\/{rel}","templated":true}]}}