
{"id":21760,"date":"2013-03-25T16:05:00","date_gmt":"2013-03-25T16:05:00","guid":{"rendered":"https:\/\/ujkafe.website\/?p=21760"},"modified":"2013-03-25T16:05:00","modified_gmt":"2013-03-25T16:05:00","slug":"sall-laszlo-teli-az-agyam","status":"publish","type":"post","link":"https:\/\/ujkafe.website\/?p=21760","title":{"rendered":"Sall L\u00e1szl\u00f3: Teli az agyam"},"content":{"rendered":"<p>teli az \u00e1gyam<br \/>\nv\u00e9rrel<br \/>\nzsid\u00f3k cig\u00e1nyok<br \/>\nidegenek v\u00e9r\u00e9vel<br \/>\nv\u00e9reimmel<!--more--><\/p>\n<p>p\u00e1rn\u00e1k k\u00f6zt<br \/>\nverejt\u00e9kemmel<br \/>\nvegy\u00edtem<br \/>\nvegymosom<br \/>\nv\u00e9reim v\u00e9r\u00e9vel<\/p>\n<p>teli az agyam<br \/>\noltt\u00f3l dun\u00e1ig<br \/>\nde a k\u00f6veken marad<br \/>\na leveg\u0151ben marad<\/p>\n<p>v\u00e9reitekben<br \/>\naz agyam<\/p>\n<p><img loading=\"lazy\" decoding=\"async\" class=\"alignnone size-full wp-image-21770\" alt=\"salllaszlo\" src=\"https:\/\/ujkafe.website\/wp-content\/uploads\/2013\/03\/salllaszlo.jpg\" width=\"600\" height=\"400\" srcset=\"https:\/\/ujkafe.website\/wp-content\/uploads\/2013\/03\/salllaszlo.jpg 600w, https:\/\/ujkafe.website\/wp-content\/uploads\/2013\/03\/salllaszlo-300x200.jpg 300w\" sizes=\"auto, (max-width: 600px) 100vw, 600px\" \/><\/p>\n<p>Sall L\u00e1szl\u00f3 tekintete: Ter\u00e9k Anna ut\u00f3szava. Versr\u00e9szlet: \u201dSv\u00e9dorsz\u00e1gi magyars\u00e1g-f\u00e1jdalmai ellen szedjen\/panodilt\/ (\u00f6sszet\u00e9tele: !00% pannon idill)\u201d. K\u00f6tetc\u00edm: Polit k\u00f6, G\u00f6teborg, 2013. * Fot\u00f3: Gergely Tam\u00e1s<\/p>\n","protected":false},"excerpt":{"rendered":"<p>teli az \u00e1gyam v\u00e9rrel zsid\u00f3k cig\u00e1nyok idegenek v\u00e9r\u00e9vel v\u00e9reimmel<\/p>\n","protected":false},"author":3,"featured_media":0,"comment_status":"open","ping_status":"open","sticky":false,"template":"","format":"standard","meta":{"_monsterinsights_skip_tracking":false,"_monsterinsights_sitenote_active":false,"_monsterinsights_sitenote_note":"","_monsterinsights_sitenote_category":0,"ngg_post_thumbnail":0,"footnotes":""},"categories":[5,4],"tags":[],"class_list":["post-21760","post","type-post","status-publish","format-standard","hentry","category-foto","category-vers"],"_links":{"self":[{"href":"https:\/\/ujkafe.website\/index.php?rest_route=\/wp\/v2\/posts\/21760","targetHints":{"allow":["GET"]}}],"collection":[{"href":"https:\/\/ujkafe.website\/index.php?rest_route=\/wp\/v2\/posts"}],"about":[{"href":"https:\/\/ujkafe.website\/index.php?rest_route=\/wp\/v2\/types\/post"}],"author":[{"embeddable":true,"href":"https:\/\/ujkafe.website\/index.php?rest_route=\/wp\/v2\/users\/3"}],"replies":[{"embeddable":true,"href":"https:\/\/ujkafe.website\/index.php?rest_route=%2Fwp%2Fv2%2Fcomments&post=21760"}],"version-history":[{"count":0,"href":"https:\/\/ujkafe.website\/index.php?rest_route=\/wp\/v2\/posts\/21760\/revisions"}],"wp:attachment":[{"href":"https:\/\/ujkafe.website\/index.php?rest_route=%2Fwp%2Fv2%2Fmedia&parent=21760"}],"wp:term":[{"taxonomy":"category","embeddable":true,"href":"https:\/\/ujkafe.website\/index.php?rest_route=%2Fwp%2Fv2%2Fcategories&post=21760"},{"taxonomy":"post_tag","embeddable":true,"href":"https:\/\/ujkafe.website\/index.php?rest_route=%2Fwp%2Fv2%2Ftags&post=21760"}],"curies":[{"name":"wp","href":"https:\/\/api.w.org\/{rel}","templated":true}]}}