
{"id":21774,"date":"2013-03-26T05:51:56","date_gmt":"2013-03-26T05:51:56","guid":{"rendered":"https:\/\/ujkafe.website\/?p=21774"},"modified":"2013-03-26T05:54:36","modified_gmt":"2013-03-26T05:54:36","slug":"temetes-1941","status":"publish","type":"post","link":"https:\/\/ujkafe.website\/?p=21774","title":{"rendered":"Temet\u00e9s, 1941"},"content":{"rendered":"<p><img loading=\"lazy\" decoding=\"async\" class=\"alignnone  wp-image-21780\" alt=\"fototanu_79\" src=\"https:\/\/ujkafe.website\/wp-content\/uploads\/2013\/03\/fototanu_79.jpg\" width=\"617\" height=\"220\" srcset=\"https:\/\/ujkafe.website\/wp-content\/uploads\/2013\/03\/fototanu_79.jpg 1028w, https:\/\/ujkafe.website\/wp-content\/uploads\/2013\/03\/fototanu_79-300x106.jpg 300w, https:\/\/ujkafe.website\/wp-content\/uploads\/2013\/03\/fototanu_79-1024x364.jpg 1024w\" sizes=\"auto, (max-width: 617px) 100vw, 617px\" \/><\/p>\n<p>H\u00e1rom kocka egy porlepte, sz\u00e9tfaricsk\u00e1lt filmr\u0151l, 6&#215;6-os felv\u00e9telek, 1941-ben k\u00e9sz\u00fcltek, Rem\u00e9nyik S\u00e1ndor k\u00f6lt\u0151 kolozsv\u00e1ri temet\u00e9s\u00e9n.<!--more--><\/p>\n<p>A rend\u00fcl\u00e9s h\u00e1rom kock\u00e1ja. Rem\u00e9nyik amellett, hogy k\u00f6lt\u0151 volt, a kisebbs\u00e9gi sz\u00f3kimond\u00e1s \u00e9s \u00e9let\u00e9rz\u00e9s felmutat\u00f3jak\u00e9nt eg\u00e9sz Erd\u00e9lyben ismert \u00e9s kedvelt volt. Gy\u00e1sz, d\u00edsz, magyar komorl\u00e1s. Kanoniz\u00e1lt id\u00e9zetei csak \u00fagy keringtek az evang\u00e9likus templom haj\u00f3j\u00e1ban im\u00e1dkoz\u00f3 gy\u00fclekezet feje f\u00f6l\u00f6tt. A lovak szokatlanul illedelmesen, mondhatni megillet\u0151dve szellentettek, szotyogtattak olykor. F\u0151 a diszkr\u00e9ci\u00f3 &#8211; \u00edgy a gy\u00e1szhusz\u00e1rok, kez\u00fckben a fekete ostorral.<\/p>\n<p>Szemtan\u00fa mes\u00e9li: T\u00far\u00f3czy Zolt\u00e1n evang\u00e9likus lelk\u00e9sz temette.<\/p>\n<p>&#8222;A kolozsv\u00e1ri evang\u00e9likus gy\u00fclekezet &#8222;kicsi feh\u00e9r templom\u00e1nak&#8221; sz\u00f3sz\u00e9k\u00e9n b\u00facs\u00faztatta \u00edr\u00f3i nev\u00e9n &#8222;V\u00e9gv\u00e1ri&#8221;-t, azaz Rem\u00e9nyik S\u00e1ndort, evang\u00e9likus k\u00f6lt\u0151nket, Erd\u00e9ly rem\u00e9nys\u00e9g\u00e9t \u00e9s l\u00e1rmaf\u00e1j\u00e1t. Az olt\u00e1r el\u0151tt egy csod\u00e1latos katafalkon fek\u00fcdt a k\u00f6lt\u0151&#8230; A katafalk k\u00f6r\u00fcl pedig a &#8222;ragyog\u00f3ban&#8221; l\u00e1ttuk \u00edgy nevezt\u00e9k gy\u0171jt\u0151sz\u00f3val az erd\u00e9lyi &#8222;n\u00e9pviseletet&#8221; &#8211; az erd\u00e9lyi l\u00e1nyok \u00e9s asszonyok soha eddig nem l\u00e1tott mennyis\u00e9g\u0171 \u00e9s sz\u00ednpomp\u00e1j\u00fa koszor\u00faj\u00e1t. K\u00f6r\u00fcl\u00f6tt\u00fck \u00fcnnepi feket\u00e9ben a megye, a v\u00e1ros \u00e9s az orsz\u00e1g vezet\u0151it, a kolozsv\u00e1ri egyetem professzorait, polg\u00e1ri egyes\u00fcletek tagjait \u00e9s teljes d\u00edszben a kolozsv\u00e1ri hadtest tisztjeit.<br \/>\nFelekezet n\u00e9lk\u00fcli, els\u0151 demonstrat\u00edv megmozdul\u00e1s volt Rem\u00e9nyik S\u00e1ndor temet\u00e9se Kolozsv\u00e1rott. Minden h\u00e1z fellobog\u00f3zva, mindenki \u00fcnnepi ruh\u00e1ban, mindenki nemzeti-politikai b\u00facs\u00faztat\u00e1st v\u00e1rt T\u00far\u00f3czy Zolt\u00e1n ajk\u00e1r\u00f3l. T\u00far\u00f3czy Zolt\u00e1n pedig ism\u00e9t megmaradt a BIBLIA k\u00e9t fedele k\u00f6z\u00f6tt&#8230;&#8221;<\/p>\n<p>A Magyar Protest\u00e1ns Panteon szerint a H\u00e1zsong\u00e1rdi temet\u0151 luther\u00e1nus r\u00e9sz\u00e9be temett\u00e9k, s\u00edrfelirata az id\u00e9zet: &#8222;Egy l\u00e1ngot adok, \u00e1pold, add tov\u00e1bb&#8230;&#8221; Meghalt 1941. okt\u00f3ber 24-\u00e9n.<\/p>\n<p style=\"text-align: right;\"><em><strong>Cseke G\u00e1bor<\/strong><\/em><\/p>\n<p>(Forr\u00e1s: <a href=\"http:\/\/fototanu.blogspot.ro\"><em>Fot\u00f3tan\u00fa<\/em><\/a>)<\/p>\n","protected":false},"excerpt":{"rendered":"<p>H\u00e1rom kocka egy porlepte, sz\u00e9tfaricsk\u00e1lt filmr\u0151l, 6&#215;6-os felv\u00e9telek, 1941-ben k\u00e9sz\u00fcltek, Rem\u00e9nyik S\u00e1ndor k\u00f6lt\u0151 kolozsv\u00e1ri temet\u00e9s\u00e9n.<\/p>\n","protected":false},"author":3,"featured_media":0,"comment_status":"open","ping_status":"open","sticky":false,"template":"","format":"standard","meta":{"_monsterinsights_skip_tracking":false,"_monsterinsights_sitenote_active":false,"_monsterinsights_sitenote_note":"","_monsterinsights_sitenote_category":0,"ngg_post_thumbnail":0,"footnotes":""},"categories":[5],"tags":[],"class_list":["post-21774","post","type-post","status-publish","format-standard","hentry","category-foto"],"_links":{"self":[{"href":"https:\/\/ujkafe.website\/index.php?rest_route=\/wp\/v2\/posts\/21774","targetHints":{"allow":["GET"]}}],"collection":[{"href":"https:\/\/ujkafe.website\/index.php?rest_route=\/wp\/v2\/posts"}],"about":[{"href":"https:\/\/ujkafe.website\/index.php?rest_route=\/wp\/v2\/types\/post"}],"author":[{"embeddable":true,"href":"https:\/\/ujkafe.website\/index.php?rest_route=\/wp\/v2\/users\/3"}],"replies":[{"embeddable":true,"href":"https:\/\/ujkafe.website\/index.php?rest_route=%2Fwp%2Fv2%2Fcomments&post=21774"}],"version-history":[{"count":0,"href":"https:\/\/ujkafe.website\/index.php?rest_route=\/wp\/v2\/posts\/21774\/revisions"}],"wp:attachment":[{"href":"https:\/\/ujkafe.website\/index.php?rest_route=%2Fwp%2Fv2%2Fmedia&parent=21774"}],"wp:term":[{"taxonomy":"category","embeddable":true,"href":"https:\/\/ujkafe.website\/index.php?rest_route=%2Fwp%2Fv2%2Fcategories&post=21774"},{"taxonomy":"post_tag","embeddable":true,"href":"https:\/\/ujkafe.website\/index.php?rest_route=%2Fwp%2Fv2%2Ftags&post=21774"}],"curies":[{"name":"wp","href":"https:\/\/api.w.org\/{rel}","templated":true}]}}