
{"id":21835,"date":"2013-03-27T09:38:48","date_gmt":"2013-03-27T09:38:48","guid":{"rendered":"https:\/\/ujkafe.website\/?p=21835"},"modified":"2013-03-27T09:38:48","modified_gmt":"2013-03-27T09:38:48","slug":"labirintus","status":"publish","type":"post","link":"https:\/\/ujkafe.website\/?p=21835","title":{"rendered":"Labirintus"},"content":{"rendered":"<div id=\"attachment_21838\" style=\"width: 624px\" class=\"wp-caption alignnone\"><img loading=\"lazy\" decoding=\"async\" aria-describedby=\"caption-attachment-21838\" class=\" wp-image-21838\" alt=\"fototanu_82\" src=\"https:\/\/ujkafe.website\/wp-content\/uploads\/2013\/03\/fototanu_82.jpg\" width=\"614\" height=\"398\" srcset=\"https:\/\/ujkafe.website\/wp-content\/uploads\/2013\/03\/fototanu_82.jpg 1024w, https:\/\/ujkafe.website\/wp-content\/uploads\/2013\/03\/fototanu_82-300x194.jpg 300w\" sizes=\"auto, (max-width: 614px) 100vw, 614px\" \/><p id=\"caption-attachment-21838\" class=\"wp-caption-text\">Gerendi Anik\u00f3 fot\u00f3ja<\/p><\/div>\n<p>Valah\u00e1nyszor <a href=\"https:\/\/picasaweb.google.com\/kvaricsg\/GerendiAnikoPortfolioja?authkey=Gv1sRgCNChxY3wruKFsgE#\"><strong>Gerendi Anik\u00f3 fot\u00f3ja<\/strong><\/a> ker\u00fcl a kezembe, versek jutnak eszembe, szavak n\u00e9lk\u00fcl.<br \/>\nCsak a bens\u0151s\u00e9ges \u00e9rz\u00e9s az, ami elfog, no meg a teljess\u00e9g, ami kit\u00f6lti bennem mind a fizikai, mind a szellemi teret.<!--more--><\/p>\n<p>Anik\u00f3 \u00fagy \u00e1br\u00e1zol, hogy k\u00f6zben uralja a vonalakat, a foltokat, a s\u00edkokat. Pedig tudom, hogy ezt a &#8222;labirintust&#8221; az \u00e9let, a nyolcvanas \u00e9vek rem\u00e9nytelens\u00e9ge rendezte be ilyen ellen\u00e1llhatatlan eredetis\u00e9ggel \u00e9s hiteless\u00e9ggel. A sz\u00e1jmuzsik\u00e1zni elrejt\u0151z\u00f6tt k\u00e9t gyermek elveszetts\u00e9ge annyira evidens, de \u0151k m\u00e9g csak nem is sejtik! A karcs\u00fa, \u00e1m t\u00f6mbszer\u0171 \u00e9s szennyes, szutykosan \u00edvelt betonfalak a semmire ny\u00edlnak, de a mindent k\u00e9pezik. Lehangol\u00f3 ez a mened\u00e9khely, amin ott van a vil\u00e1g szeme, mintha azt \u00fczenn\u00e9: <em>nem menek\u00fclsz!<\/em><\/p>\n<p style=\"text-align: right;\"><em><strong>Cseke G\u00e1bor<\/strong><\/em><\/p>\n<p>(Forr\u00e1s:<a href=\"http:\/\/fototanu.blogspot.ro\/\"><em> Fot\u00f3tan\u00fa<\/em><\/a>)<\/p>\n","protected":false},"excerpt":{"rendered":"<p>Valah\u00e1nyszor Gerendi Anik\u00f3 fot\u00f3ja ker\u00fcl a kezembe, versek jutnak eszembe, szavak n\u00e9lk\u00fcl. Csak a bens\u0151s\u00e9ges \u00e9rz\u00e9s az, ami elfog, no meg a teljess\u00e9g, ami kit\u00f6lti bennem mind a fizikai, mind a szellemi teret.<\/p>\n","protected":false},"author":3,"featured_media":0,"comment_status":"open","ping_status":"open","sticky":false,"template":"","format":"standard","meta":{"_monsterinsights_skip_tracking":false,"_monsterinsights_sitenote_active":false,"_monsterinsights_sitenote_note":"","_monsterinsights_sitenote_category":0,"ngg_post_thumbnail":0,"footnotes":""},"categories":[5],"tags":[],"class_list":["post-21835","post","type-post","status-publish","format-standard","hentry","category-foto"],"_links":{"self":[{"href":"https:\/\/ujkafe.website\/index.php?rest_route=\/wp\/v2\/posts\/21835","targetHints":{"allow":["GET"]}}],"collection":[{"href":"https:\/\/ujkafe.website\/index.php?rest_route=\/wp\/v2\/posts"}],"about":[{"href":"https:\/\/ujkafe.website\/index.php?rest_route=\/wp\/v2\/types\/post"}],"author":[{"embeddable":true,"href":"https:\/\/ujkafe.website\/index.php?rest_route=\/wp\/v2\/users\/3"}],"replies":[{"embeddable":true,"href":"https:\/\/ujkafe.website\/index.php?rest_route=%2Fwp%2Fv2%2Fcomments&post=21835"}],"version-history":[{"count":0,"href":"https:\/\/ujkafe.website\/index.php?rest_route=\/wp\/v2\/posts\/21835\/revisions"}],"wp:attachment":[{"href":"https:\/\/ujkafe.website\/index.php?rest_route=%2Fwp%2Fv2%2Fmedia&parent=21835"}],"wp:term":[{"taxonomy":"category","embeddable":true,"href":"https:\/\/ujkafe.website\/index.php?rest_route=%2Fwp%2Fv2%2Fcategories&post=21835"},{"taxonomy":"post_tag","embeddable":true,"href":"https:\/\/ujkafe.website\/index.php?rest_route=%2Fwp%2Fv2%2Ftags&post=21835"}],"curies":[{"name":"wp","href":"https:\/\/api.w.org\/{rel}","templated":true}]}}